{"id":13731,"date":"2021-09-23T08:24:14","date_gmt":"2021-09-23T07:24:14","guid":{"rendered":"http:\/\/altgsgrebenstein.de\/?p=13731"},"modified":"2021-12-21T17:00:30","modified_gmt":"2021-12-21T16:00:30","slug":"informationen-des-foerdervereins-fuer-die-mensa","status":"publish","type":"post","link":"https:\/\/altgsgrebenstein.de\/?p=13731","title":{"rendered":"Informationen des F\u00f6rdervereins f\u00fcr die Mensa"},"content":{"rendered":"<p style=\"background: white; margin: 0cm 0cm 18.0pt 0cm;\"><span style=\"font-family: 'Helvetica',sans-serif; color: #141412;\">Liebe Sch\u00fcler*innen, liebe Eltern und liebes Kollegium,<br \/>\n<\/span><span style=\"font-family: 'Helvetica',sans-serif; color: #141412;\">der F\u00f6rderverein freut sich sehr, Sie und Euch nach den Sommerferien wieder in der Mensa der Heinrich-Grupe-Schule begr\u00fc\u00dfen zu d\u00fcrfen.<\/span><\/p>\n<p style=\"background: white; margin: 0cm 0cm 18.0pt 0cm;\"><span style=\"font-family: 'Helvetica',sans-serif; color: #141412;\">Die \u00d6ffnungszeiten der Mensa werden wieder den bekannten Zeiten angepasst:<\/span><\/p>\n<p style=\"background: white; margin: 0cm 0cm 18.0pt 0cm;\"><strong><span style=\"font-family: 'Helvetica',sans-serif; color: #141412;\">Montag \u2013 Donnerstag: \u00a0\u00a0\u00a0 07.30 \u2013 14.30 Uhr<\/span><\/strong><\/p>\n<p style=\"background: white; margin: 0cm 0cm 18.0pt 0cm;\"><strong><span style=\"font-family: 'Helvetica',sans-serif; color: #141412;\">Freitag:\u00a0\u00a0\u00a0\u00a0\u00a0\u00a0\u00a0\u00a0\u00a0\u00a0\u00a0\u00a0\u00a0\u00a0\u00a0\u00a0\u00a0\u00a0\u00a0\u00a0\u00a0\u00a0\u00a0\u00a0\u00a0\u00a0\u00a0\u00a0\u00a0 07.30 \u2013 13.45 Uhr<\/span><\/strong><\/p>\n<p style=\"background: white; margin: 0cm 0cm 18.0pt 0cm;\"><strong><span style=\"font-family: 'Helvetica',sans-serif; color: #141412;\">Seit dem 13.09.2021 werden in der Mensa wieder t\u00e4glich drei verschiedene Mittagessen angeboten.<\/span><\/strong><\/p>\n<p style=\"background: white; margin: 0cm 0cm 18.0pt 0cm;\"><span style=\"font-family: 'Helvetica',sans-serif; color: #141412;\">F\u00fcr die Sch\u00fcler*innen der HGS werden in unserer sch\u00f6nen Mensa wieder Tische und St\u00fchle aufgestellt sein.<br \/>\n<\/span><span style=\"font-family: 'Helvetica',sans-serif; color: #141412;\">Die Sch\u00fcler*innen aus<strong><span style=\"font-family: 'Helvetica',sans-serif;\">\u00a0Betreuung in der Grundschule<\/span><\/strong> k\u00f6nnen wie gewohnt wieder ihre Mahlzeit im Nebenraum der Mensa einnehmen. Gern stellt die Schulleitung den Raum zur Verf\u00fcgung.<br \/>\n<\/span><span style=\"font-family: 'Helvetica',sans-serif; color: #141412;\">Das Men\u00fc 1 wird in den beiden gro\u00dfen Pausen bereitstehen und auch als warmes Mittagessen angeboten.<br \/>\n<\/span><span style=\"font-family: 'Helvetica',sans-serif; color: #141412;\">Unser aktuelles Angebot und die Preise bleiben bestehen! Alle Speisen werden t\u00e4glich frisch von unserem Mensateam f\u00fcr euch \/ Sie zubereitet.<br \/>\n<\/span><span style=\"font-family: 'Helvetica',sans-serif; color: #141412;\">Der Vorstand des F\u00f6rdervereins der Heinrich-Grupe-Schule w\u00fcnscht allen einen guten Start in das neue Schuljahr 2021\/ 22.<\/span><\/p>\n<p style=\"background: white; margin: 0cm 0cm 18.0pt 0cm;\"><span style=\"font-family: 'Helvetica',sans-serif; color: #141412;\">\u00a0<\/span><span style=\"font-family: 'Helvetica',sans-serif; color: #141412;\">Annette G\u00f6ring<\/span><\/p>\n<p style=\"background: white; margin: 0cm 0cm 18.0pt 0cm;\"><span style=\"font-family: 'Helvetica',sans-serif; color: #141412;\">Vorstandsmitglied des F\u00f6rdervereins der HGS<\/span><\/p>\n","protected":false},"excerpt":{"rendered":"<p>Liebe Sch\u00fcler*innen, liebe Eltern und liebes Kollegium, der F\u00f6rderverein freut sich sehr, Sie und Euch nach den Sommerferien wieder in der Mensa der Heinrich-Grupe-Schule begr\u00fc\u00dfen zu d\u00fcrfen. Die \u00d6ffnungszeiten der Mensa werden wieder den bekannten Zeiten angepasst: Montag \u2013 Donnerstag: \u00a0\u00a0\u00a0 07.30 \u2013 14.30 Uhr Freitag:\u00a0\u00a0\u00a0\u00a0\u00a0\u00a0\u00a0\u00a0\u00a0\u00a0\u00a0\u00a0\u00a0\u00a0\u00a0\u00a0\u00a0\u00a0\u00a0\u00a0\u00a0\u00a0\u00a0\u00a0\u00a0\u00a0\u00a0\u00a0\u00a0 07.30 \u2013 13.45 Uhr Seit dem 13.09.2021 werden in &hellip; <a href=\"https:\/\/altgsgrebenstein.de\/?p=13731\" class=\"more-link\"><span class=\"screen-reader-text\">Informationen des F\u00f6rdervereins f\u00fcr die Mensa<\/span> weiterlesen <span class=\"meta-nav\">&rarr;<\/span><\/a><\/p>\n","protected":false},"author":10,"featured_media":0,"comment_status":"closed","ping_status":"closed","sticky":false,"template":"","format":"standard","meta":{"saved_in_kubio":false,"footnotes":""},"categories":[33,39],"tags":[],"class_list":["post-13731","post","type-post","status-publish","format-standard","hentry","category-archiv","category-hgs-info"],"_links":{"self":[{"href":"https:\/\/altgsgrebenstein.de\/index.php?rest_route=\/wp\/v2\/posts\/13731","targetHints":{"allow":["GET"]}}],"collection":[{"href":"https:\/\/altgsgrebenstein.de\/index.php?rest_route=\/wp\/v2\/posts"}],"about":[{"href":"https:\/\/altgsgrebenstein.de\/index.php?rest_route=\/wp\/v2\/types\/post"}],"author":[{"embeddable":true,"href":"https:\/\/altgsgrebenstein.de\/index.php?rest_route=\/wp\/v2\/users\/10"}],"replies":[{"embeddable":true,"href":"https:\/\/altgsgrebenstein.de\/index.php?rest_route=%2Fwp%2Fv2%2Fcomments&post=13731"}],"version-history":[{"count":4,"href":"https:\/\/altgsgrebenstein.de\/index.php?rest_route=\/wp\/v2\/posts\/13731\/revisions"}],"predecessor-version":[{"id":13807,"href":"https:\/\/altgsgrebenstein.de\/index.php?rest_route=\/wp\/v2\/posts\/13731\/revisions\/13807"}],"wp:attachment":[{"href":"https:\/\/altgsgrebenstein.de\/index.php?rest_route=%2Fwp%2Fv2%2Fmedia&parent=13731"}],"wp:term":[{"taxonomy":"category","embeddable":true,"href":"https:\/\/altgsgrebenstein.de\/index.php?rest_route=%2Fwp%2Fv2%2Fcategories&post=13731"},{"taxonomy":"post_tag","embeddable":true,"href":"https:\/\/altgsgrebenstein.de\/index.php?rest_route=%2Fwp%2Fv2%2Ftags&post=13731"}],"curies":[{"name":"wp","href":"https:\/\/api.w.org\/{rel}","templated":true}]}}