{"id":13643,"date":"2021-09-01T07:17:12","date_gmt":"2021-09-01T06:17:12","guid":{"rendered":"http:\/\/altgsgrebenstein.de\/?p=13643"},"modified":"2021-10-11T08:21:04","modified_gmt":"2021-10-11T07:21:04","slug":"einschulung-der-neuen-schuelerinnen-und-schueler-gute-wuensche-gingen-auf-die-reise","status":"publish","type":"post","link":"https:\/\/altgsgrebenstein.de\/?p=13643","title":{"rendered":"Einschulung der neuen Sch\u00fclerinnen und Sch\u00fcler &#8211; Gute W\u00fcnsche gingen auf die Reise"},"content":{"rendered":"<p><img decoding=\"async\" class=\"aligncenter wp-image-13644 size-large\" src=\"http:\/\/altgsgrebenstein.de\/wp-content\/uploads\/2021\/09\/IMG_7439-1024x684.jpg\" alt=\"\" width=\"604\" height=\"403\" srcset=\"https:\/\/altgsgrebenstein.de\/wp-content\/uploads\/2021\/09\/IMG_7439-1024x684.jpg 1024w, https:\/\/altgsgrebenstein.de\/wp-content\/uploads\/2021\/09\/IMG_7439-300x200.jpg 300w, https:\/\/altgsgrebenstein.de\/wp-content\/uploads\/2021\/09\/IMG_7439-768x513.jpg 768w, https:\/\/altgsgrebenstein.de\/wp-content\/uploads\/2021\/09\/IMG_7439-1536x1025.jpg 1536w, https:\/\/altgsgrebenstein.de\/wp-content\/uploads\/2021\/09\/IMG_7439-2048x1367.jpg 2048w\" sizes=\"(max-width: 604px) 100vw, 604px\" \/><\/p>\n<p><strong>Grebenstein.<\/strong> 99 Luftballons waren es nicht, die da am 1. Schultag des neuen Schuljahres in den grauen Himmel stiegen. Aber fast! Die fr\u00f6hlichen gelben Farbtupfer beendeten die offizielle Einschulungsfeier, mit der die 91 neuen F\u00fcnftkl\u00e4ssler an der Gesamtschule willkommen gehei\u00dfen wurden.<\/p>\n<p><img decoding=\"async\" class=\"aligncenter wp-image-13645 size-large\" src=\"http:\/\/altgsgrebenstein.de\/wp-content\/uploads\/2021\/09\/IMG_7408-1024x683.jpg\" alt=\"\" width=\"604\" height=\"403\" srcset=\"https:\/\/altgsgrebenstein.de\/wp-content\/uploads\/2021\/09\/IMG_7408-1024x683.jpg 1024w, https:\/\/altgsgrebenstein.de\/wp-content\/uploads\/2021\/09\/IMG_7408-300x200.jpg 300w, https:\/\/altgsgrebenstein.de\/wp-content\/uploads\/2021\/09\/IMG_7408-768x512.jpg 768w, https:\/\/altgsgrebenstein.de\/wp-content\/uploads\/2021\/09\/IMG_7408-1536x1024.jpg 1536w, https:\/\/altgsgrebenstein.de\/wp-content\/uploads\/2021\/09\/IMG_7408-2048x1365.jpg 2048w\" sizes=\"(max-width: 604px) 100vw, 604px\" \/><\/p>\n<p>Zur Feierstunde unter dem Motto mit \u201eAbstand das Beste\u201c waren sie in die Kulturhalle gekommen und im Gegensatz zum Jahrgang 20\/ 21 konnten sie eine Begleitperson mitbringen.<\/p>\n<p>Bevor die Feier beginnen konnte, durchliefen alle G\u00e4ste eine pandemiebedingte Einlasskontrolle, die von Sch\u00fclerinnen und Sch\u00fclern der Klasse G10a durchgef\u00fchrt wurde. Die Zehntkl\u00e4ssler \u00fcbernahmen auch eine provisorische Teststation anl\u00e4sslich der Feier und sie unterst\u00fctzten beim Getr\u00e4nkeverkauf.<\/p>\n<p><img decoding=\"async\" class=\"aligncenter wp-image-13649 size-large\" src=\"http:\/\/altgsgrebenstein.de\/wp-content\/uploads\/2021\/09\/IMG_7416-1024x683.jpg\" alt=\"\" width=\"604\" height=\"403\" srcset=\"https:\/\/altgsgrebenstein.de\/wp-content\/uploads\/2021\/09\/IMG_7416-1024x683.jpg 1024w, https:\/\/altgsgrebenstein.de\/wp-content\/uploads\/2021\/09\/IMG_7416-300x200.jpg 300w, https:\/\/altgsgrebenstein.de\/wp-content\/uploads\/2021\/09\/IMG_7416-768x512.jpg 768w, https:\/\/altgsgrebenstein.de\/wp-content\/uploads\/2021\/09\/IMG_7416-1536x1024.jpg 1536w, https:\/\/altgsgrebenstein.de\/wp-content\/uploads\/2021\/09\/IMG_7416-2048x1365.jpg 2048w\" sizes=\"(max-width: 604px) 100vw, 604px\" \/><\/p>\n<p>&nbsp;<\/p>\n<p>Mit Gitarre und Gesang begr\u00fc\u00dften Jonathan Kunz, der stellvertretend f\u00fcr die F\u00f6rderstufenleiterin Laura Bodden agierte, und Kollegin Anne Meister die Anwesenden. Neben Gru\u00dfworten von Schulleiterin Martina Boye-Griesel informierte Schulsprecher Marvin Berndt \u00fcber die Arbeit der Sch\u00fclervertretung und stellte sich die Sch\u00fclerpatengruppe vor.<\/p>\n<p><img decoding=\"async\" class=\"aligncenter wp-image-13647 size-medium\" src=\"http:\/\/altgsgrebenstein.de\/wp-content\/uploads\/2021\/09\/IMG_7405-200x300.jpg\" alt=\"\" width=\"200\" height=\"300\" srcset=\"https:\/\/altgsgrebenstein.de\/wp-content\/uploads\/2021\/09\/IMG_7405-200x300.jpg 200w, https:\/\/altgsgrebenstein.de\/wp-content\/uploads\/2021\/09\/IMG_7405-683x1024.jpg 683w, https:\/\/altgsgrebenstein.de\/wp-content\/uploads\/2021\/09\/IMG_7405-768x1152.jpg 768w, https:\/\/altgsgrebenstein.de\/wp-content\/uploads\/2021\/09\/IMG_7405-1024x1536.jpg 1024w, https:\/\/altgsgrebenstein.de\/wp-content\/uploads\/2021\/09\/IMG_7405-1365x2048.jpg 1365w, https:\/\/altgsgrebenstein.de\/wp-content\/uploads\/2021\/09\/IMG_7405-scaled.jpg 1707w\" sizes=\"(max-width: 200px) 100vw, 200px\" \/><\/p>\n<p>Letztere nahmen ihre Patenklassen in Empfang und begleiteten diese. Die neuen Sch\u00fclerinnen und Sch\u00fcler fieberten jedoch vor allem dem H\u00f6hepunkt der Feier entgegen, der Einteilung der Klassen. Dabei lernten sie nicht nur ihre neuen Klassenverb\u00e4nde kennen, sondern auch ihre neuen Lehrerinnen und Lehrer, mit denen sie nach der Feier in ihre Klassenr\u00e4ume gingen: Nina Gilfert (G5a), Anne Meister (G5b), Samira Fromm (F5a) sowie Christiane Melzer und J\u00f6rg Thiel (F5b). Dort verbrachten sie gemeinsam den 1. Schultag.<\/p>\n<p><img decoding=\"async\" class=\"aligncenter wp-image-13648 size-large\" src=\"http:\/\/altgsgrebenstein.de\/wp-content\/uploads\/2021\/09\/IMG_7413-1024x683.jpg\" alt=\"\" width=\"604\" height=\"403\" srcset=\"https:\/\/altgsgrebenstein.de\/wp-content\/uploads\/2021\/09\/IMG_7413-1024x683.jpg 1024w, https:\/\/altgsgrebenstein.de\/wp-content\/uploads\/2021\/09\/IMG_7413-300x200.jpg 300w, https:\/\/altgsgrebenstein.de\/wp-content\/uploads\/2021\/09\/IMG_7413-768x512.jpg 768w, https:\/\/altgsgrebenstein.de\/wp-content\/uploads\/2021\/09\/IMG_7413-1536x1024.jpg 1536w, https:\/\/altgsgrebenstein.de\/wp-content\/uploads\/2021\/09\/IMG_7413-2048x1365.jpg 2048w\" sizes=\"(max-width: 604px) 100vw, 604px\" \/><\/p>\n<p>Zuvor jedoch lie\u00dfen jede neue Sch\u00fclerin und jeder neue Sch\u00fcler einen der gelben Ballons steigen, an dem zuvor eine Karte mit pers\u00f6nlichen W\u00fcnschen befestigt worden war.<\/p>\n<p><img decoding=\"async\" class=\"aligncenter wp-image-13646 size-large\" src=\"http:\/\/altgsgrebenstein.de\/wp-content\/uploads\/2021\/09\/IMG_7442-1024x684.jpg\" alt=\"\" width=\"604\" height=\"403\" srcset=\"https:\/\/altgsgrebenstein.de\/wp-content\/uploads\/2021\/09\/IMG_7442-1024x684.jpg 1024w, https:\/\/altgsgrebenstein.de\/wp-content\/uploads\/2021\/09\/IMG_7442-300x200.jpg 300w, https:\/\/altgsgrebenstein.de\/wp-content\/uploads\/2021\/09\/IMG_7442-768x513.jpg 768w, https:\/\/altgsgrebenstein.de\/wp-content\/uploads\/2021\/09\/IMG_7442-1536x1025.jpg 1536w, https:\/\/altgsgrebenstein.de\/wp-content\/uploads\/2021\/09\/IMG_7442-2048x1367.jpg 2048w\" sizes=\"(max-width: 604px) 100vw, 604px\" \/><\/p>\n<p><img decoding=\"async\" class=\"aligncenter wp-image-13650 size-large\" src=\"http:\/\/altgsgrebenstein.de\/wp-content\/uploads\/2021\/09\/20210830_102712-1024x576.jpg\" alt=\"\" width=\"604\" height=\"340\" srcset=\"https:\/\/altgsgrebenstein.de\/wp-content\/uploads\/2021\/09\/20210830_102712-1024x576.jpg 1024w, https:\/\/altgsgrebenstein.de\/wp-content\/uploads\/2021\/09\/20210830_102712-300x169.jpg 300w, https:\/\/altgsgrebenstein.de\/wp-content\/uploads\/2021\/09\/20210830_102712-768x432.jpg 768w, https:\/\/altgsgrebenstein.de\/wp-content\/uploads\/2021\/09\/20210830_102712-1536x864.jpg 1536w, https:\/\/altgsgrebenstein.de\/wp-content\/uploads\/2021\/09\/20210830_102712-2048x1152.jpg 2048w\" sizes=\"(max-width: 604px) 100vw, 604px\" \/><\/p>\n<p><img decoding=\"async\" class=\"aligncenter wp-image-13651 size-large\" src=\"http:\/\/altgsgrebenstein.de\/wp-content\/uploads\/2021\/09\/20210830_102721-1024x576.jpg\" alt=\"\" width=\"604\" height=\"340\" srcset=\"https:\/\/altgsgrebenstein.de\/wp-content\/uploads\/2021\/09\/20210830_102721-1024x576.jpg 1024w, https:\/\/altgsgrebenstein.de\/wp-content\/uploads\/2021\/09\/20210830_102721-300x169.jpg 300w, https:\/\/altgsgrebenstein.de\/wp-content\/uploads\/2021\/09\/20210830_102721-768x432.jpg 768w, https:\/\/altgsgrebenstein.de\/wp-content\/uploads\/2021\/09\/20210830_102721-1536x864.jpg 1536w, https:\/\/altgsgrebenstein.de\/wp-content\/uploads\/2021\/09\/20210830_102721-2048x1152.jpg 2048w\" sizes=\"(max-width: 604px) 100vw, 604px\" \/><\/p>\n<p>Susann Adam<\/p>\n","protected":false},"excerpt":{"rendered":"<p>Grebenstein. 99 Luftballons waren es nicht, die da am 1. Schultag des neuen Schuljahres in den grauen Himmel stiegen. Aber fast! Die fr\u00f6hlichen gelben Farbtupfer beendeten die offizielle Einschulungsfeier, mit der die 91 neuen F\u00fcnftkl\u00e4ssler an der Gesamtschule willkommen gehei\u00dfen wurden. Zur Feierstunde unter dem Motto mit \u201eAbstand das Beste\u201c waren sie in die Kulturhalle &hellip; <a href=\"https:\/\/altgsgrebenstein.de\/?p=13643\" class=\"more-link\"><span class=\"screen-reader-text\">Einschulung der neuen Sch\u00fclerinnen und Sch\u00fcler &#8211; Gute W\u00fcnsche gingen auf die Reise<\/span> weiterlesen <span class=\"meta-nav\">&rarr;<\/span><\/a><\/p>\n","protected":false},"author":28,"featured_media":0,"comment_status":"closed","ping_status":"closed","sticky":false,"template":"","format":"standard","meta":{"saved_in_kubio":false,"footnotes":""},"categories":[33,1],"tags":[],"class_list":["post-13643","post","type-post","status-publish","format-standard","hentry","category-archiv","category-uncategorized"],"_links":{"self":[{"href":"https:\/\/altgsgrebenstein.de\/index.php?rest_route=\/wp\/v2\/posts\/13643","targetHints":{"allow":["GET"]}}],"collection":[{"href":"https:\/\/altgsgrebenstein.de\/index.php?rest_route=\/wp\/v2\/posts"}],"about":[{"href":"https:\/\/altgsgrebenstein.de\/index.php?rest_route=\/wp\/v2\/types\/post"}],"author":[{"embeddable":true,"href":"https:\/\/altgsgrebenstein.de\/index.php?rest_route=\/wp\/v2\/users\/28"}],"replies":[{"embeddable":true,"href":"https:\/\/altgsgrebenstein.de\/index.php?rest_route=%2Fwp%2Fv2%2Fcomments&post=13643"}],"version-history":[{"count":1,"href":"https:\/\/altgsgrebenstein.de\/index.php?rest_route=\/wp\/v2\/posts\/13643\/revisions"}],"predecessor-version":[{"id":13652,"href":"https:\/\/altgsgrebenstein.de\/index.php?rest_route=\/wp\/v2\/posts\/13643\/revisions\/13652"}],"wp:attachment":[{"href":"https:\/\/altgsgrebenstein.de\/index.php?rest_route=%2Fwp%2Fv2%2Fmedia&parent=13643"}],"wp:term":[{"taxonomy":"category","embeddable":true,"href":"https:\/\/altgsgrebenstein.de\/index.php?rest_route=%2Fwp%2Fv2%2Fcategories&post=13643"},{"taxonomy":"post_tag","embeddable":true,"href":"https:\/\/altgsgrebenstein.de\/index.php?rest_route=%2Fwp%2Fv2%2Ftags&post=13643"}],"curies":[{"name":"wp","href":"https:\/\/api.w.org\/{rel}","templated":true}]}}