{"id":13616,"date":"2021-07-23T06:48:01","date_gmt":"2021-07-23T05:48:01","guid":{"rendered":"http:\/\/altgsgrebenstein.de\/?p=13616"},"modified":"2021-10-11T08:18:24","modified_gmt":"2021-10-11T07:18:24","slug":"verabschiedung-von-susanne-lux-ewinger-und-sabine-salzmann","status":"publish","type":"post","link":"https:\/\/altgsgrebenstein.de\/?p=13616","title":{"rendered":"Verabschiedung von Susanne Lux-Ewinger und Sabine Salzmann"},"content":{"rendered":"<p>Zum Schuljahresende 2020\/2021 wurden nicht nur die Abgangsklassen verabschiedet &#8211; auch die beiden Lehrerinnen Susanne Lux-Ewinger und Sabine Salzmann beendeten im Anschluss an die letzte Gesamtkonferenz im Rahmen einer kleinen Feierlichkeit im Innenhof der HGS ihre erlebnisreiche berufliche Laufbahn als Lehrkr\u00e4fte.<\/p>\n<p><img decoding=\"async\" class=\"aligncenter wp-image-13617 size-large\" src=\"http:\/\/altgsgrebenstein.de\/wp-content\/uploads\/2021\/07\/Verabschiedung1-1024x768.jpg\" alt=\"\" width=\"604\" height=\"453\" srcset=\"https:\/\/altgsgrebenstein.de\/wp-content\/uploads\/2021\/07\/Verabschiedung1-1024x768.jpg 1024w, https:\/\/altgsgrebenstein.de\/wp-content\/uploads\/2021\/07\/Verabschiedung1-300x225.jpg 300w, https:\/\/altgsgrebenstein.de\/wp-content\/uploads\/2021\/07\/Verabschiedung1-768x576.jpg 768w, https:\/\/altgsgrebenstein.de\/wp-content\/uploads\/2021\/07\/Verabschiedung1-1536x1152.jpg 1536w, https:\/\/altgsgrebenstein.de\/wp-content\/uploads\/2021\/07\/Verabschiedung1-2048x1536.jpg 2048w\" sizes=\"(max-width: 604px) 100vw, 604px\" \/><\/p>\n<p>Mit liebevoll gestalteter, sommerlicher Dekoration und corona-konformen Leckereien, gepaart mit zahlreichen Anekdoten und Abschiedsgeschenken der Fachbereiche Kunst und Deutsch wurde es ein sch\u00f6ner Nachmittag.<\/p>\n<p>Der Fachbereich Kunst verabschiedete sich mit einer Collage, die nach der \u00dcbergabe von den beiden Lehrerinnen in der Mitte geteilt wurde und zahlreiche Details und einige Zitate enth\u00e4lt (zum Vergr\u00f6\u00dfern bitte anklicken).<\/p>\n<p>Wir w\u00fcnschen den beiden (ehemaligen) Lehrerinnen alles Gute f\u00fcr ihre Zukunft!<a href=\"http:\/\/altgsgrebenstein.de\/wp-content\/uploads\/2021\/07\/Collage-scaled.jpg\"><img decoding=\"async\" class=\"aligncenter wp-image-13618 size-large\" src=\"http:\/\/altgsgrebenstein.de\/wp-content\/uploads\/2021\/07\/Collage-1024x735.jpg\" alt=\"\" width=\"604\" height=\"434\" srcset=\"https:\/\/altgsgrebenstein.de\/wp-content\/uploads\/2021\/07\/Collage-1024x735.jpg 1024w, https:\/\/altgsgrebenstein.de\/wp-content\/uploads\/2021\/07\/Collage-300x215.jpg 300w, https:\/\/altgsgrebenstein.de\/wp-content\/uploads\/2021\/07\/Collage-768x551.jpg 768w, https:\/\/altgsgrebenstein.de\/wp-content\/uploads\/2021\/07\/Collage-1536x1102.jpg 1536w, https:\/\/altgsgrebenstein.de\/wp-content\/uploads\/2021\/07\/Collage-2048x1469.jpg 2048w\" sizes=\"(max-width: 604px) 100vw, 604px\" \/><\/a><\/p>\n","protected":false},"excerpt":{"rendered":"<p>Zum Schuljahresende 2020\/2021 wurden nicht nur die Abgangsklassen verabschiedet &#8211; auch die beiden Lehrerinnen Susanne Lux-Ewinger und Sabine Salzmann beendeten im Anschluss an die letzte Gesamtkonferenz im Rahmen einer kleinen Feierlichkeit im Innenhof der HGS ihre erlebnisreiche berufliche Laufbahn als Lehrkr\u00e4fte. Mit liebevoll gestalteter, sommerlicher Dekoration und corona-konformen Leckereien, gepaart mit zahlreichen Anekdoten und Abschiedsgeschenken &hellip; <a href=\"https:\/\/altgsgrebenstein.de\/?p=13616\" class=\"more-link\"><span class=\"screen-reader-text\">Verabschiedung von Susanne Lux-Ewinger und Sabine Salzmann<\/span> weiterlesen <span class=\"meta-nav\">&rarr;<\/span><\/a><\/p>\n","protected":false},"author":28,"featured_media":0,"comment_status":"closed","ping_status":"closed","sticky":false,"template":"","format":"standard","meta":{"saved_in_kubio":false,"footnotes":""},"categories":[33,1],"tags":[],"class_list":["post-13616","post","type-post","status-publish","format-standard","hentry","category-archiv","category-uncategorized"],"_links":{"self":[{"href":"https:\/\/altgsgrebenstein.de\/index.php?rest_route=\/wp\/v2\/posts\/13616","targetHints":{"allow":["GET"]}}],"collection":[{"href":"https:\/\/altgsgrebenstein.de\/index.php?rest_route=\/wp\/v2\/posts"}],"about":[{"href":"https:\/\/altgsgrebenstein.de\/index.php?rest_route=\/wp\/v2\/types\/post"}],"author":[{"embeddable":true,"href":"https:\/\/altgsgrebenstein.de\/index.php?rest_route=\/wp\/v2\/users\/28"}],"replies":[{"embeddable":true,"href":"https:\/\/altgsgrebenstein.de\/index.php?rest_route=%2Fwp%2Fv2%2Fcomments&post=13616"}],"version-history":[{"count":4,"href":"https:\/\/altgsgrebenstein.de\/index.php?rest_route=\/wp\/v2\/posts\/13616\/revisions"}],"predecessor-version":[{"id":13626,"href":"https:\/\/altgsgrebenstein.de\/index.php?rest_route=\/wp\/v2\/posts\/13616\/revisions\/13626"}],"wp:attachment":[{"href":"https:\/\/altgsgrebenstein.de\/index.php?rest_route=%2Fwp%2Fv2%2Fmedia&parent=13616"}],"wp:term":[{"taxonomy":"category","embeddable":true,"href":"https:\/\/altgsgrebenstein.de\/index.php?rest_route=%2Fwp%2Fv2%2Fcategories&post=13616"},{"taxonomy":"post_tag","embeddable":true,"href":"https:\/\/altgsgrebenstein.de\/index.php?rest_route=%2Fwp%2Fv2%2Ftags&post=13616"}],"curies":[{"name":"wp","href":"https:\/\/api.w.org\/{rel}","templated":true}]}}