{"id":13586,"date":"2021-07-13T20:58:47","date_gmt":"2021-07-13T19:58:47","guid":{"rendered":"http:\/\/altgsgrebenstein.de\/?p=13586"},"modified":"2021-10-11T08:18:24","modified_gmt":"2021-10-11T07:18:24","slug":"schulgarten-wieder-begehbar","status":"publish","type":"post","link":"https:\/\/altgsgrebenstein.de\/?p=13586","title":{"rendered":"Schulgarten wieder &#8222;begehbar&#8220;"},"content":{"rendered":"<p>&#8222;Bitte etwas praktisches, etwas, wobei wir uns k\u00f6rperlich und nicht geistig anstrengen&#8220; &#8211; dies war der Wunsch der G9b als es um das Thema des WPU-Kurses f\u00fcr das nun endende Schuljahr ging. Gesagt getan, die G9b schrieb sich auf die Fahne, dass der Schulgarten wieder zu einem Garten werden sollte, der auch als solcher zu erkennen ist.<\/p>\n<p>Neben einer Gartenh\u00fctte, Sitzm\u00f6glichkeiten, einem Gartentor oder eines &#8222;Au\u00dfen-Klassenzimmers&#8220;, das durch eine installierte Tafel genutzt werden k\u00f6nnte, gab es viele Ideen und konkrete Planungen. Leider konnten aufgrund der Umst\u00e4nde, die das diesj\u00e4hrige Schuljahr mit sich brachte, viele Projekte nicht realisiert werden. \u00a0Im Zuge dessen wurden die Ans\u00e4tze der G9b durch die Unterst\u00fctzung der Klasse R8a und eines Sch\u00fclers der H8 weiter verfolgt und der Schulgarten konnte zumindest wieder &#8222;begehbar&#8220; gemacht werden.<\/p>\n<p><img decoding=\"async\" class=\"alignnone size-medium wp-image-13601\" src=\"http:\/\/altgsgrebenstein.de\/wp-content\/uploads\/2021\/07\/IMG_9433-1-225x300.jpeg\" alt=\"\" width=\"225\" height=\"300\" srcset=\"https:\/\/altgsgrebenstein.de\/wp-content\/uploads\/2021\/07\/IMG_9433-1-225x300.jpeg 225w, https:\/\/altgsgrebenstein.de\/wp-content\/uploads\/2021\/07\/IMG_9433-1-768x1024.jpeg 768w, https:\/\/altgsgrebenstein.de\/wp-content\/uploads\/2021\/07\/IMG_9433-1-1152x1536.jpeg 1152w, https:\/\/altgsgrebenstein.de\/wp-content\/uploads\/2021\/07\/IMG_9433-1-1536x2048.jpeg 1536w, https:\/\/altgsgrebenstein.de\/wp-content\/uploads\/2021\/07\/IMG_9433-1-scaled.jpeg 1920w\" sizes=\"(max-width: 225px) 100vw, 225px\" \/> <img decoding=\"async\" class=\"alignnone size-medium wp-image-13602\" src=\"http:\/\/altgsgrebenstein.de\/wp-content\/uploads\/2021\/07\/IMG_9435-225x300.jpeg\" alt=\"\" width=\"225\" height=\"300\" srcset=\"https:\/\/altgsgrebenstein.de\/wp-content\/uploads\/2021\/07\/IMG_9435-225x300.jpeg 225w, https:\/\/altgsgrebenstein.de\/wp-content\/uploads\/2021\/07\/IMG_9435-768x1024.jpeg 768w, https:\/\/altgsgrebenstein.de\/wp-content\/uploads\/2021\/07\/IMG_9435-1152x1536.jpeg 1152w, https:\/\/altgsgrebenstein.de\/wp-content\/uploads\/2021\/07\/IMG_9435-1536x2048.jpeg 1536w, https:\/\/altgsgrebenstein.de\/wp-content\/uploads\/2021\/07\/IMG_9435-scaled.jpeg 1920w\" sizes=\"(max-width: 225px) 100vw, 225px\" \/><\/p>\n<p>Sollte das Wetter mitspielen, kann der neu ges\u00e4te Rasen wachsen und zuk\u00fcnftig durch das Hausmeister-Team der HGS gem\u00e4ht werden, ohne dass hohe Str\u00e4ucher, Hecken oder Unebenheiten dies verhindern. Au\u00dferdem ist zu hoffen, dass der Schulgarten an der B83 nicht dem wiederholten Vandalismus ausgesetzt wird und die begonnene Arbeit durch verschiedene Arbeitseins\u00e4tze oder Projekte auch nachhaltige Wirkung erzielt.<\/p>\n<p><img decoding=\"async\" class=\"alignnone size-medium wp-image-13595\" src=\"http:\/\/altgsgrebenstein.de\/wp-content\/uploads\/2021\/07\/IMG_9445-225x300.jpeg\" alt=\"\" width=\"225\" height=\"300\" srcset=\"https:\/\/altgsgrebenstein.de\/wp-content\/uploads\/2021\/07\/IMG_9445-225x300.jpeg 225w, https:\/\/altgsgrebenstein.de\/wp-content\/uploads\/2021\/07\/IMG_9445-768x1024.jpeg 768w, https:\/\/altgsgrebenstein.de\/wp-content\/uploads\/2021\/07\/IMG_9445-1152x1536.jpeg 1152w, https:\/\/altgsgrebenstein.de\/wp-content\/uploads\/2021\/07\/IMG_9445-1536x2048.jpeg 1536w, https:\/\/altgsgrebenstein.de\/wp-content\/uploads\/2021\/07\/IMG_9445-scaled.jpeg 1920w\" sizes=\"(max-width: 225px) 100vw, 225px\" \/> <img decoding=\"async\" class=\"alignnone size-medium wp-image-13597\" src=\"http:\/\/altgsgrebenstein.de\/wp-content\/uploads\/2021\/07\/IMG_9458-300x225.jpeg\" alt=\"\" width=\"300\" height=\"225\" srcset=\"https:\/\/altgsgrebenstein.de\/wp-content\/uploads\/2021\/07\/IMG_9458-300x225.jpeg 300w, https:\/\/altgsgrebenstein.de\/wp-content\/uploads\/2021\/07\/IMG_9458-1024x768.jpeg 1024w, https:\/\/altgsgrebenstein.de\/wp-content\/uploads\/2021\/07\/IMG_9458-768x576.jpeg 768w, https:\/\/altgsgrebenstein.de\/wp-content\/uploads\/2021\/07\/IMG_9458-1536x1152.jpeg 1536w, https:\/\/altgsgrebenstein.de\/wp-content\/uploads\/2021\/07\/IMG_9458-2048x1536.jpeg 2048w\" sizes=\"(max-width: 300px) 100vw, 300px\" \/> <img decoding=\"async\" class=\"alignnone size-medium wp-image-13596\" src=\"http:\/\/altgsgrebenstein.de\/wp-content\/uploads\/2021\/07\/IMG_9448-300x225.jpeg\" alt=\"\" width=\"300\" height=\"225\" srcset=\"https:\/\/altgsgrebenstein.de\/wp-content\/uploads\/2021\/07\/IMG_9448-300x225.jpeg 300w, https:\/\/altgsgrebenstein.de\/wp-content\/uploads\/2021\/07\/IMG_9448-1024x768.jpeg 1024w, https:\/\/altgsgrebenstein.de\/wp-content\/uploads\/2021\/07\/IMG_9448-768x576.jpeg 768w, https:\/\/altgsgrebenstein.de\/wp-content\/uploads\/2021\/07\/IMG_9448-1536x1152.jpeg 1536w, https:\/\/altgsgrebenstein.de\/wp-content\/uploads\/2021\/07\/IMG_9448-2048x1536.jpeg 2048w\" sizes=\"(max-width: 300px) 100vw, 300px\" \/><\/p>\n","protected":false},"excerpt":{"rendered":"<p>&#8222;Bitte etwas praktisches, etwas, wobei wir uns k\u00f6rperlich und nicht geistig anstrengen&#8220; &#8211; dies war der Wunsch der G9b als es um das Thema des WPU-Kurses f\u00fcr das nun endende Schuljahr ging. Gesagt getan, die G9b schrieb sich auf die Fahne, dass der Schulgarten wieder zu einem Garten werden sollte, der auch als solcher zu &hellip; <a href=\"https:\/\/altgsgrebenstein.de\/?p=13586\" class=\"more-link\"><span class=\"screen-reader-text\">Schulgarten wieder &#8222;begehbar&#8220;<\/span> weiterlesen <span class=\"meta-nav\">&rarr;<\/span><\/a><\/p>\n","protected":false},"author":20,"featured_media":0,"comment_status":"closed","ping_status":"closed","sticky":false,"template":"","format":"standard","meta":{"saved_in_kubio":false,"footnotes":""},"categories":[33,1],"tags":[],"class_list":["post-13586","post","type-post","status-publish","format-standard","hentry","category-archiv","category-uncategorized"],"_links":{"self":[{"href":"https:\/\/altgsgrebenstein.de\/index.php?rest_route=\/wp\/v2\/posts\/13586","targetHints":{"allow":["GET"]}}],"collection":[{"href":"https:\/\/altgsgrebenstein.de\/index.php?rest_route=\/wp\/v2\/posts"}],"about":[{"href":"https:\/\/altgsgrebenstein.de\/index.php?rest_route=\/wp\/v2\/types\/post"}],"author":[{"embeddable":true,"href":"https:\/\/altgsgrebenstein.de\/index.php?rest_route=\/wp\/v2\/users\/20"}],"replies":[{"embeddable":true,"href":"https:\/\/altgsgrebenstein.de\/index.php?rest_route=%2Fwp%2Fv2%2Fcomments&post=13586"}],"version-history":[{"count":2,"href":"https:\/\/altgsgrebenstein.de\/index.php?rest_route=\/wp\/v2\/posts\/13586\/revisions"}],"predecessor-version":[{"id":13604,"href":"https:\/\/altgsgrebenstein.de\/index.php?rest_route=\/wp\/v2\/posts\/13586\/revisions\/13604"}],"wp:attachment":[{"href":"https:\/\/altgsgrebenstein.de\/index.php?rest_route=%2Fwp%2Fv2%2Fmedia&parent=13586"}],"wp:term":[{"taxonomy":"category","embeddable":true,"href":"https:\/\/altgsgrebenstein.de\/index.php?rest_route=%2Fwp%2Fv2%2Fcategories&post=13586"},{"taxonomy":"post_tag","embeddable":true,"href":"https:\/\/altgsgrebenstein.de\/index.php?rest_route=%2Fwp%2Fv2%2Ftags&post=13586"}],"curies":[{"name":"wp","href":"https:\/\/api.w.org\/{rel}","templated":true}]}}