{"id":13555,"date":"2021-07-10T09:34:30","date_gmt":"2021-07-10T08:34:30","guid":{"rendered":"http:\/\/altgsgrebenstein.de\/?p=13555"},"modified":"2021-10-11T08:18:24","modified_gmt":"2021-10-11T07:18:24","slug":"ein-abschied-unter-fast-normalen-bedingungen-die-schuelerinnen-der-klassen-g10-r10-und-h9-verlassen-die-hgs","status":"publish","type":"post","link":"https:\/\/altgsgrebenstein.de\/?p=13555","title":{"rendered":"Ein Abschied unter \u201efast\u201c normalen Bedingungen &#8211; Die Sch\u00fcler*innen der Klassen G10, R10 und H9 verlassen die HGS"},"content":{"rendered":"<p><img decoding=\"async\" class=\"aligncenter wp-image-13578 size-large\" src=\"http:\/\/altgsgrebenstein.de\/wp-content\/uploads\/2021\/07\/DSC_6770-1024x678.jpg\" alt=\"\" width=\"604\" height=\"400\" srcset=\"https:\/\/altgsgrebenstein.de\/wp-content\/uploads\/2021\/07\/DSC_6770-1024x678.jpg 1024w, https:\/\/altgsgrebenstein.de\/wp-content\/uploads\/2021\/07\/DSC_6770-300x199.jpg 300w, https:\/\/altgsgrebenstein.de\/wp-content\/uploads\/2021\/07\/DSC_6770-768x509.jpg 768w, https:\/\/altgsgrebenstein.de\/wp-content\/uploads\/2021\/07\/DSC_6770-1536x1017.jpg 1536w, https:\/\/altgsgrebenstein.de\/wp-content\/uploads\/2021\/07\/DSC_6770-2048x1356.jpg 2048w\" sizes=\"(max-width: 604px) 100vw, 604px\" \/><\/p>\n<p><img decoding=\"async\" class=\"aligncenter wp-image-13560 size-large\" src=\"http:\/\/altgsgrebenstein.de\/wp-content\/uploads\/2021\/07\/DSC_6790-1024x678.jpg\" alt=\"\" width=\"604\" height=\"400\" srcset=\"https:\/\/altgsgrebenstein.de\/wp-content\/uploads\/2021\/07\/DSC_6790-1024x678.jpg 1024w, https:\/\/altgsgrebenstein.de\/wp-content\/uploads\/2021\/07\/DSC_6790-300x199.jpg 300w, https:\/\/altgsgrebenstein.de\/wp-content\/uploads\/2021\/07\/DSC_6790-768x509.jpg 768w, https:\/\/altgsgrebenstein.de\/wp-content\/uploads\/2021\/07\/DSC_6790-1536x1017.jpg 1536w, https:\/\/altgsgrebenstein.de\/wp-content\/uploads\/2021\/07\/DSC_6790-2048x1356.jpg 2048w\" sizes=\"(max-width: 604px) 100vw, 604px\" \/><\/p>\n<p>Nat\u00fcrlich ben\u00f6tigten die Eltern und Angeh\u00f6rigen einen g\u00fcltigen Test, um in die Kulturhalle zur Verabschiedung ihrer Kinder zu kommen. Nat\u00fcrlich waren auch nur zwei Personen pro Sch\u00fcler*in zugelassen und zwei Veranstaltungen mussten es sein, aber sonst hatte man an diesem Freitagnachmittag in der Grebensteiner Kulturhalle das wiederentdeckte Gef\u00fchl von Normalit\u00e4t.<\/p>\n<p><img decoding=\"async\" class=\"aligncenter wp-image-13558 size-large\" src=\"http:\/\/altgsgrebenstein.de\/wp-content\/uploads\/2021\/07\/DSC_6777-1024x678.jpg\" alt=\"\" width=\"604\" height=\"400\" srcset=\"https:\/\/altgsgrebenstein.de\/wp-content\/uploads\/2021\/07\/DSC_6777-1024x678.jpg 1024w, https:\/\/altgsgrebenstein.de\/wp-content\/uploads\/2021\/07\/DSC_6777-300x199.jpg 300w, https:\/\/altgsgrebenstein.de\/wp-content\/uploads\/2021\/07\/DSC_6777-768x509.jpg 768w, https:\/\/altgsgrebenstein.de\/wp-content\/uploads\/2021\/07\/DSC_6777-1536x1017.jpg 1536w, https:\/\/altgsgrebenstein.de\/wp-content\/uploads\/2021\/07\/DSC_6777-2048x1356.jpg 2048w\" sizes=\"(max-width: 604px) 100vw, 604px\" \/><\/p>\n<p>Rund 170 Personen konnten Schulleiterin Martina Boye-Griesel und Gymnasialleiter Dirk Weidmann um 15.00 Uhr beim Abschied der zwei Gymnasialklassen begr\u00fc\u00dfen.<\/p>\n<p>&nbsp;<\/p>\n<p>Zu zwei unterschiedlichen Songs defilierten die gestylten jungen Menschen der Klassen G10a und G10b gef\u00fchrt von ihren Klassenlehrern Samira Fromm und Christoph Kant unter dem Applaus von Eltern, Freunden und Lehrern in die Kulturhalle ein.<\/p>\n<p><img decoding=\"async\" class=\"aligncenter wp-image-13557 size-large\" src=\"http:\/\/altgsgrebenstein.de\/wp-content\/uploads\/2021\/07\/DSC_6774-1024x678.jpg\" alt=\"\" width=\"604\" height=\"400\" srcset=\"https:\/\/altgsgrebenstein.de\/wp-content\/uploads\/2021\/07\/DSC_6774-1024x678.jpg 1024w, https:\/\/altgsgrebenstein.de\/wp-content\/uploads\/2021\/07\/DSC_6774-300x199.jpg 300w, https:\/\/altgsgrebenstein.de\/wp-content\/uploads\/2021\/07\/DSC_6774-768x509.jpg 768w, https:\/\/altgsgrebenstein.de\/wp-content\/uploads\/2021\/07\/DSC_6774-1536x1017.jpg 1536w, https:\/\/altgsgrebenstein.de\/wp-content\/uploads\/2021\/07\/DSC_6774-2048x1356.jpg 2048w\" sizes=\"(max-width: 604px) 100vw, 604px\" \/><\/p>\n<p>Gymnasialzweigleiter Dirk Weidmann sah den Sinn einer Abschlussfeier im Zur\u00fcckblicken, im Innehalten und das bis jetzt Erreichte feiern, aber auch im Hinschauen auf das Neue und das Unbekannte. Er bedankte sich bei seinen Lateinsch\u00fcler*innen, die er vier Jahre gern unterrichtet habe.<\/p>\n<p>Schulleiterin Martina Boye-Griesel erinnerte an zwei nicht ganz leichte Schuljahre, die gepr\u00e4gt durch die Pandemie f\u00fcr alle Sch\u00fcler*innen besondere Herausforderungen mit sich brachten. Aber, so Boye-Griesel, trotz der besonderen Zeit h\u00e4tten die jungen Leute die an sie gestellten Anforderungen mit Bravour gemeistert, h\u00e4tten die Herausforderungen angenommen und seien an ihren Aufgaben gewachsen. Von den 43 Sch\u00fcler*innen der G10 werden 30 im Schulverbund bleiben. 13 Sch\u00fcler*innen wechseln an eine weiterf\u00fchrende Schule nach Kassel.<\/p>\n<p><img decoding=\"async\" class=\"aligncenter wp-image-13579 size-large\" src=\"http:\/\/altgsgrebenstein.de\/wp-content\/uploads\/2021\/07\/DSC_6787-1024x678.jpg\" alt=\"\" width=\"604\" height=\"400\" srcset=\"https:\/\/altgsgrebenstein.de\/wp-content\/uploads\/2021\/07\/DSC_6787-1024x678.jpg 1024w, https:\/\/altgsgrebenstein.de\/wp-content\/uploads\/2021\/07\/DSC_6787-300x199.jpg 300w, https:\/\/altgsgrebenstein.de\/wp-content\/uploads\/2021\/07\/DSC_6787-768x509.jpg 768w, https:\/\/altgsgrebenstein.de\/wp-content\/uploads\/2021\/07\/DSC_6787-1536x1017.jpg 1536w, https:\/\/altgsgrebenstein.de\/wp-content\/uploads\/2021\/07\/DSC_6787-2048x1356.jpg 2048w\" sizes=\"(max-width: 604px) 100vw, 604px\" \/><\/p>\n<p>Den Vorsitzenden des HGS F\u00f6rdervereins Mike D\u00f6hne \u00fcberraschte die gro\u00dfe Anzahl an Besuchern, die mit ihrem Kommen den Sch\u00fcler*innen einen w\u00fcrdigen Abschiedsrahmen b\u00f6ten. Gleichzeitig dankte er allen und w\u00fcnschte den Sch\u00fcler*innen Gl\u00fcck und Erfolg f\u00fcr die n\u00e4chsten Jahre.<\/p>\n<p><img decoding=\"async\" class=\"aligncenter wp-image-13561 size-large\" src=\"http:\/\/altgsgrebenstein.de\/wp-content\/uploads\/2021\/07\/DSC_6794-1024x678.jpg\" alt=\"\" width=\"604\" height=\"400\" srcset=\"https:\/\/altgsgrebenstein.de\/wp-content\/uploads\/2021\/07\/DSC_6794-1024x678.jpg 1024w, https:\/\/altgsgrebenstein.de\/wp-content\/uploads\/2021\/07\/DSC_6794-300x199.jpg 300w, https:\/\/altgsgrebenstein.de\/wp-content\/uploads\/2021\/07\/DSC_6794-768x509.jpg 768w, https:\/\/altgsgrebenstein.de\/wp-content\/uploads\/2021\/07\/DSC_6794-1536x1017.jpg 1536w, https:\/\/altgsgrebenstein.de\/wp-content\/uploads\/2021\/07\/DSC_6794-2048x1356.jpg 2048w\" sizes=\"(max-width: 604px) 100vw, 604px\" \/><\/p>\n<p>Amiee Hoffmann (Geige) und Marie Beutin (K-Board) beide G10a schafften mit ihrem klassischen Vorspiel einen ganz besonders w\u00fcrdigen Rahmen. In der anschlie\u00dfenden Dankesrede lie\u00dfen Annika Dehmel und Amiee Hoffmann sechs Jahre Revue passieren. Fotos von Klassenfahrten untermalten ihre Ausf\u00fchrungen. Beim abschlie\u00dfenden Film der Klassenlehrerin Samira Fromm blieb kaum ein Auge trocken. Sie w\u00fcnschte ihren Sch\u00fclerinnen und Sch\u00fclern Gl\u00fcck, Zuversicht und Mut f\u00fcr die kommenden Zeit und sie freue sich jetzt schon auf ein Wiedersehen mit ihrer Klasse.<\/p>\n<p><img decoding=\"async\" class=\"aligncenter wp-image-13564 size-large\" src=\"http:\/\/altgsgrebenstein.de\/wp-content\/uploads\/2021\/07\/DSC_6804-1024x678.jpg\" alt=\"\" width=\"604\" height=\"400\" srcset=\"https:\/\/altgsgrebenstein.de\/wp-content\/uploads\/2021\/07\/DSC_6804-1024x678.jpg 1024w, https:\/\/altgsgrebenstein.de\/wp-content\/uploads\/2021\/07\/DSC_6804-300x199.jpg 300w, https:\/\/altgsgrebenstein.de\/wp-content\/uploads\/2021\/07\/DSC_6804-768x509.jpg 768w, https:\/\/altgsgrebenstein.de\/wp-content\/uploads\/2021\/07\/DSC_6804-1536x1017.jpg 1536w, https:\/\/altgsgrebenstein.de\/wp-content\/uploads\/2021\/07\/DSC_6804-2048x1356.jpg 2048w\" sizes=\"(max-width: 604px) 100vw, 604px\" \/><\/p>\n<p>Die G10b, vertreten durch die Sch\u00fclerinnen Melina Thiele und Louisa Mausehund, nahmen in ihrem Klassenbeitrag die Zuschauer auf eine galaktische Reise mit, in der das Raumschiff \u201eKlasse\u201c \u00fcber sechs Jahre die unterschiedlichsten Missionen durchleben musste.<\/p>\n<p><img decoding=\"async\" class=\"aligncenter wp-image-13565 size-large\" src=\"http:\/\/altgsgrebenstein.de\/wp-content\/uploads\/2021\/07\/DSC_6807-1024x678.jpg\" alt=\"\" width=\"604\" height=\"400\" srcset=\"https:\/\/altgsgrebenstein.de\/wp-content\/uploads\/2021\/07\/DSC_6807-1024x678.jpg 1024w, https:\/\/altgsgrebenstein.de\/wp-content\/uploads\/2021\/07\/DSC_6807-300x199.jpg 300w, https:\/\/altgsgrebenstein.de\/wp-content\/uploads\/2021\/07\/DSC_6807-768x509.jpg 768w, https:\/\/altgsgrebenstein.de\/wp-content\/uploads\/2021\/07\/DSC_6807-1536x1017.jpg 1536w, https:\/\/altgsgrebenstein.de\/wp-content\/uploads\/2021\/07\/DSC_6807-2048x1356.jpg 2048w\" sizes=\"(max-width: 604px) 100vw, 604px\" \/><\/p>\n<p>Auf dieser Reise kam sogar der Captain abhanden. Der Klassenlehrer Bastian Koch musste zu Beginn der 9. Klasse durch den neuen \u201eCaptain\u201c Christoph Kant ersetzt werden. Die \u201eCrew\u201c habe den Wechsel gut verkraftet, so die Ausf\u00fchrungen der beiden M\u00e4dchen und die Reise konnte problemlos fortgesetzt werden. Christoph Kant und auch der extra eingeflogene \u201ealte\u201c Captain Bastian Koch waren sich einig, dass sie die beste Klasse \u201ealler Zeiten\u201c unterrichten durften.<\/p>\n<p><img decoding=\"async\" class=\"aligncenter wp-image-13566 size-large\" src=\"http:\/\/altgsgrebenstein.de\/wp-content\/uploads\/2021\/07\/DSC_6812-1024x678.jpg\" alt=\"\" width=\"604\" height=\"400\" srcset=\"https:\/\/altgsgrebenstein.de\/wp-content\/uploads\/2021\/07\/DSC_6812-1024x678.jpg 1024w, https:\/\/altgsgrebenstein.de\/wp-content\/uploads\/2021\/07\/DSC_6812-300x199.jpg 300w, https:\/\/altgsgrebenstein.de\/wp-content\/uploads\/2021\/07\/DSC_6812-768x509.jpg 768w, https:\/\/altgsgrebenstein.de\/wp-content\/uploads\/2021\/07\/DSC_6812-1536x1017.jpg 1536w, https:\/\/altgsgrebenstein.de\/wp-content\/uploads\/2021\/07\/DSC_6812-2048x1356.jpg 2048w\" sizes=\"(max-width: 604px) 100vw, 604px\" \/><\/p>\n<p><img decoding=\"async\" class=\"aligncenter wp-image-13567 size-large\" src=\"http:\/\/altgsgrebenstein.de\/wp-content\/uploads\/2021\/07\/DSC_6816-1024x678.jpg\" alt=\"\" width=\"604\" height=\"400\" srcset=\"https:\/\/altgsgrebenstein.de\/wp-content\/uploads\/2021\/07\/DSC_6816-1024x678.jpg 1024w, https:\/\/altgsgrebenstein.de\/wp-content\/uploads\/2021\/07\/DSC_6816-300x199.jpg 300w, https:\/\/altgsgrebenstein.de\/wp-content\/uploads\/2021\/07\/DSC_6816-768x509.jpg 768w, https:\/\/altgsgrebenstein.de\/wp-content\/uploads\/2021\/07\/DSC_6816-1536x1017.jpg 1536w, https:\/\/altgsgrebenstein.de\/wp-content\/uploads\/2021\/07\/DSC_6816-2048x1356.jpg 2048w\" sizes=\"(max-width: 604px) 100vw, 604px\" \/><\/p>\n<p>Zum Schluss wurden die Abschlussbesten der G10er geehrt. Dazu geh\u00f6rten Leonie Austerm\u00fchle (1,0), Amiee Hoffmann (1,1) und Jason von Jutzerczenka (1,1).<\/p>\n<p><img decoding=\"async\" class=\"aligncenter wp-image-13556 size-large\" src=\"http:\/\/altgsgrebenstein.de\/wp-content\/uploads\/2021\/07\/20210709_191958-1024x817.jpg\" alt=\"\" width=\"604\" height=\"482\" srcset=\"https:\/\/altgsgrebenstein.de\/wp-content\/uploads\/2021\/07\/20210709_191958-1024x817.jpg 1024w, https:\/\/altgsgrebenstein.de\/wp-content\/uploads\/2021\/07\/20210709_191958-300x239.jpg 300w, https:\/\/altgsgrebenstein.de\/wp-content\/uploads\/2021\/07\/20210709_191958-768x613.jpg 768w, https:\/\/altgsgrebenstein.de\/wp-content\/uploads\/2021\/07\/20210709_191958-1536x1225.jpg 1536w, https:\/\/altgsgrebenstein.de\/wp-content\/uploads\/2021\/07\/20210709_191958-2048x1634.jpg 2048w\" sizes=\"(max-width: 604px) 100vw, 604px\" \/><\/p>\n<p>P\u00fcnktlich um 17.00 Uhr f\u00fcllte sich die Kulturhalle f\u00fcr den Abschied der beiden R10er und der H9er-Klasse zum zweiten Mal. Martina Boye-Griesel konnte von 33 Realsch\u00fcler*innen 20 zum qualifizierten Realschulabschluss und 13 zum Realschulabschluss gratulieren. Im Schulverbund verbleiben vier Sch\u00fcler*innen, acht gehen an die Herwig Blankertz Schule und f\u00fcnf wechseln zu unterschiedlichen Schulen nach Kassel. Einen Ausbildungsvertrag haben 16 Sch\u00fcler*innen in der Tasche. Hier freute sich Boye-Griesel \u00fcber die hohe Quote, die zeige, dass der Unterricht und die angebotenen Veranstaltungen zur Berufsorientierung \u201egefruchtet\u201c haben.<\/p>\n<p><img decoding=\"async\" class=\"aligncenter wp-image-13570 size-large\" src=\"http:\/\/altgsgrebenstein.de\/wp-content\/uploads\/2021\/07\/DSC_6946-1024x678.jpg\" alt=\"\" width=\"604\" height=\"400\" srcset=\"https:\/\/altgsgrebenstein.de\/wp-content\/uploads\/2021\/07\/DSC_6946-1024x678.jpg 1024w, https:\/\/altgsgrebenstein.de\/wp-content\/uploads\/2021\/07\/DSC_6946-300x199.jpg 300w, https:\/\/altgsgrebenstein.de\/wp-content\/uploads\/2021\/07\/DSC_6946-768x509.jpg 768w, https:\/\/altgsgrebenstein.de\/wp-content\/uploads\/2021\/07\/DSC_6946-1536x1017.jpg 1536w, https:\/\/altgsgrebenstein.de\/wp-content\/uploads\/2021\/07\/DSC_6946-2048x1356.jpg 2048w\" sizes=\"(max-width: 604px) 100vw, 604px\" \/><\/p>\n<p>Aus dem Bildungsgang der Hauptschule wurden 21 Sch\u00fcler*innen verabschiedet, zehn davon mit einem qualifizierenden Hauptschulabschluss, sieben mit Hauptschulabschluss. Ein Sch\u00fcler hat den BO im Rahmen seiner inklusiven Beschulung erreichen k\u00f6nnen und drei Sch\u00fcler*innen verlassen die Schule mit einem Abgangszeugnis. Einen Ausbildungsvertrag haben drei der Hauptschulabg\u00e4nger, alle andere streben den Weg an einer weiterf\u00fchrenden Schule an.<\/p>\n<p><img decoding=\"async\" class=\"aligncenter wp-image-13571 size-large\" src=\"http:\/\/altgsgrebenstein.de\/wp-content\/uploads\/2021\/07\/DSC_6948-1024x678.jpg\" alt=\"\" width=\"604\" height=\"400\" srcset=\"https:\/\/altgsgrebenstein.de\/wp-content\/uploads\/2021\/07\/DSC_6948-1024x678.jpg 1024w, https:\/\/altgsgrebenstein.de\/wp-content\/uploads\/2021\/07\/DSC_6948-300x199.jpg 300w, https:\/\/altgsgrebenstein.de\/wp-content\/uploads\/2021\/07\/DSC_6948-768x509.jpg 768w, https:\/\/altgsgrebenstein.de\/wp-content\/uploads\/2021\/07\/DSC_6948-1536x1017.jpg 1536w, https:\/\/altgsgrebenstein.de\/wp-content\/uploads\/2021\/07\/DSC_6948-2048x1356.jpg 2048w\" sizes=\"(max-width: 604px) 100vw, 604px\" \/><\/p>\n<p>Redegewandt und wundersch\u00f6n authentisch in ihrem rosafarbenen Glitzerkleid mit einem schm\u00fcckenden Kr\u00f6nchen hielt Shahed Taljabini zusammen mit ihrem Klassenkameraden Ole Eisenhuth die Abschiedsrede f\u00fcr die Klasse H9. Shahed betonte darin die Internationalit\u00e4t ihrer Klasse und begr\u00fc\u00dfte das Publikum in sechs Sprachen. Beide Sch\u00fcler*innen berichteten von Freude, von Langeweile, von Spa\u00df, vom Paradies, das alles war in der Schule zu finden. Aber nun sei Schluss und sie h\u00e4tten \u201eEndlich W<em>J<\/em>ochenende\u201c, was eine Anspielung auf ihren Klassenlehrer Jochen Feuring gekonnt widerspiegelte.<\/p>\n<p><img decoding=\"async\" class=\"aligncenter wp-image-13574 size-large\" src=\"http:\/\/altgsgrebenstein.de\/wp-content\/uploads\/2021\/07\/DSC_6969-1024x678.jpg\" alt=\"\" width=\"604\" height=\"400\" srcset=\"https:\/\/altgsgrebenstein.de\/wp-content\/uploads\/2021\/07\/DSC_6969-1024x678.jpg 1024w, https:\/\/altgsgrebenstein.de\/wp-content\/uploads\/2021\/07\/DSC_6969-300x199.jpg 300w, https:\/\/altgsgrebenstein.de\/wp-content\/uploads\/2021\/07\/DSC_6969-768x509.jpg 768w, https:\/\/altgsgrebenstein.de\/wp-content\/uploads\/2021\/07\/DSC_6969-1536x1017.jpg 1536w, https:\/\/altgsgrebenstein.de\/wp-content\/uploads\/2021\/07\/DSC_6969-2048x1356.jpg 2048w\" sizes=\"(max-width: 604px) 100vw, 604px\" \/><\/p>\n<p>Mit viel Applaus wurde die beiden entlassen. Als beste Sch\u00fcler*innen im Hauptschulzweig wurden Ole Eisenhuth (1,5), Eleonora Azizovic (1,6) und Weronika Jachura (1,6) geehrt.<\/p>\n<p><img decoding=\"async\" class=\"aligncenter wp-image-13573 size-large\" src=\"http:\/\/altgsgrebenstein.de\/wp-content\/uploads\/2021\/07\/DSC_6955-1024x678.jpg\" alt=\"\" width=\"604\" height=\"400\" srcset=\"https:\/\/altgsgrebenstein.de\/wp-content\/uploads\/2021\/07\/DSC_6955-1024x678.jpg 1024w, https:\/\/altgsgrebenstein.de\/wp-content\/uploads\/2021\/07\/DSC_6955-300x199.jpg 300w, https:\/\/altgsgrebenstein.de\/wp-content\/uploads\/2021\/07\/DSC_6955-768x509.jpg 768w, https:\/\/altgsgrebenstein.de\/wp-content\/uploads\/2021\/07\/DSC_6955-1536x1017.jpg 1536w, https:\/\/altgsgrebenstein.de\/wp-content\/uploads\/2021\/07\/DSC_6955-2048x1356.jpg 2048w\" sizes=\"(max-width: 604px) 100vw, 604px\" \/><\/p>\n<p>Wie holprig eine Busfahrt durch eine Schulzeit sein kann, wie viele Personen ein- und wieder aussteigen m\u00fcssen, wie aus einem Bus pl\u00f6tzlich zwei Busse mit zwei Busfahrern werden, sich aber trotzdem alles zu einer ruhigen Fahrt entwickeln kann, das trugen Jonas Westermann und Gwenael von Holten f\u00fcr die beiden R-Abschlussklassen vor.<\/p>\n<p><img decoding=\"async\" class=\"aligncenter wp-image-13575 size-large\" src=\"http:\/\/altgsgrebenstein.de\/wp-content\/uploads\/2021\/07\/DSC_6972-1024x678.jpg\" alt=\"\" width=\"604\" height=\"400\" srcset=\"https:\/\/altgsgrebenstein.de\/wp-content\/uploads\/2021\/07\/DSC_6972-1024x678.jpg 1024w, https:\/\/altgsgrebenstein.de\/wp-content\/uploads\/2021\/07\/DSC_6972-300x199.jpg 300w, https:\/\/altgsgrebenstein.de\/wp-content\/uploads\/2021\/07\/DSC_6972-768x509.jpg 768w, https:\/\/altgsgrebenstein.de\/wp-content\/uploads\/2021\/07\/DSC_6972-1536x1017.jpg 1536w, https:\/\/altgsgrebenstein.de\/wp-content\/uploads\/2021\/07\/DSC_6972-2048x1356.jpg 2048w\" sizes=\"(max-width: 604px) 100vw, 604px\" \/><\/p>\n<p>Gekonnt mit Fotos und kurzen Filmen erg\u00e4nzt, ist ein launiger Vortrag entstanden, der am Schluss mit viel Applaus belohnt wurde. Treu dem Motto: \u201eDas Beste kommt zum Schluss\u201c trumpften die beiden R-Klassenlehrer Laura Bodden und Andreas Salomon mit ihrem Schlager-Potpourri am Schluss der eineinhalbst\u00fcndigen Veranstaltung auf und brachten ein sanftes Schunkeln und leises Mitsummen in die Kulturhalle. Sie reisten nicht wie ihre Sch\u00fcler*innen mit einem Bus durch die Schulzeit, sondern w\u00e4hlten zu jedem schulischen Ereignis einen passenden Schlager aus. So h\u00f6rte das Publikum von Helene Fischers \u201eAtemlos\u201c \u00fcber Peter Maffays \u201e\u00dcber sieben Br\u00fccken\u201c bis hin zu Klaus &amp; Klaus` Schunkellied \u201eAn der Nordseek\u00fcste\u201c. Tosender Applaus am Ende des Vortrages.<\/p>\n<p><img decoding=\"async\" class=\"aligncenter wp-image-13576 size-large\" src=\"http:\/\/altgsgrebenstein.de\/wp-content\/uploads\/2021\/07\/DSC_6982-1024x678.jpg\" alt=\"\" width=\"604\" height=\"400\" srcset=\"https:\/\/altgsgrebenstein.de\/wp-content\/uploads\/2021\/07\/DSC_6982-1024x678.jpg 1024w, https:\/\/altgsgrebenstein.de\/wp-content\/uploads\/2021\/07\/DSC_6982-300x199.jpg 300w, https:\/\/altgsgrebenstein.de\/wp-content\/uploads\/2021\/07\/DSC_6982-768x509.jpg 768w, https:\/\/altgsgrebenstein.de\/wp-content\/uploads\/2021\/07\/DSC_6982-1536x1017.jpg 1536w, https:\/\/altgsgrebenstein.de\/wp-content\/uploads\/2021\/07\/DSC_6982-2048x1356.jpg 2048w\" sizes=\"(max-width: 604px) 100vw, 604px\" \/><\/p>\n<p>Jetzt fehlten noch die Ehrungen der besten Realsch\u00fcler.\u00a0 Das waren Sharif Alizadeh (1,4) und Ariadna Villanueva Quispe (1,4).<\/p>\n<p><img decoding=\"async\" class=\"aligncenter wp-image-13581 size-large\" src=\"http:\/\/altgsgrebenstein.de\/wp-content\/uploads\/2021\/07\/DSC_7016-1024x678.jpg\" alt=\"\" width=\"604\" height=\"400\" srcset=\"https:\/\/altgsgrebenstein.de\/wp-content\/uploads\/2021\/07\/DSC_7016-1024x678.jpg 1024w, https:\/\/altgsgrebenstein.de\/wp-content\/uploads\/2021\/07\/DSC_7016-300x199.jpg 300w, https:\/\/altgsgrebenstein.de\/wp-content\/uploads\/2021\/07\/DSC_7016-768x509.jpg 768w, https:\/\/altgsgrebenstein.de\/wp-content\/uploads\/2021\/07\/DSC_7016-1536x1017.jpg 1536w, https:\/\/altgsgrebenstein.de\/wp-content\/uploads\/2021\/07\/DSC_7016-2048x1356.jpg 2048w\" sizes=\"(max-width: 604px) 100vw, 604px\" \/><\/p>\n<p>Martina Boye-Griesel bedankte sich am Schluss der Veranstaltung bei allen Beteiligten und ihr ganz besonderer Dank galt den vielen Helfenden im Hintergrund, ohne die eine solche Veranstaltung nicht m\u00f6glich w\u00e4re.<\/p>\n<p><img decoding=\"async\" class=\"aligncenter wp-image-13582 size-large\" src=\"http:\/\/altgsgrebenstein.de\/wp-content\/uploads\/2021\/07\/DSC_7029-1024x678.jpg\" alt=\"\" width=\"604\" height=\"400\" srcset=\"https:\/\/altgsgrebenstein.de\/wp-content\/uploads\/2021\/07\/DSC_7029-1024x678.jpg 1024w, https:\/\/altgsgrebenstein.de\/wp-content\/uploads\/2021\/07\/DSC_7029-300x199.jpg 300w, https:\/\/altgsgrebenstein.de\/wp-content\/uploads\/2021\/07\/DSC_7029-768x509.jpg 768w, https:\/\/altgsgrebenstein.de\/wp-content\/uploads\/2021\/07\/DSC_7029-1536x1017.jpg 1536w, https:\/\/altgsgrebenstein.de\/wp-content\/uploads\/2021\/07\/DSC_7029-2048x1356.jpg 2048w\" sizes=\"(max-width: 604px) 100vw, 604px\" \/><\/p>\n<p><img decoding=\"async\" class=\"aligncenter wp-image-13568 size-large\" src=\"http:\/\/altgsgrebenstein.de\/wp-content\/uploads\/2021\/07\/DSC_6817-1024x678.jpg\" alt=\"\" width=\"604\" height=\"400\" srcset=\"https:\/\/altgsgrebenstein.de\/wp-content\/uploads\/2021\/07\/DSC_6817-1024x678.jpg 1024w, https:\/\/altgsgrebenstein.de\/wp-content\/uploads\/2021\/07\/DSC_6817-300x199.jpg 300w, https:\/\/altgsgrebenstein.de\/wp-content\/uploads\/2021\/07\/DSC_6817-768x509.jpg 768w, https:\/\/altgsgrebenstein.de\/wp-content\/uploads\/2021\/07\/DSC_6817-1536x1017.jpg 1536w, https:\/\/altgsgrebenstein.de\/wp-content\/uploads\/2021\/07\/DSC_6817-2048x1356.jpg 2048w\" sizes=\"(max-width: 604px) 100vw, 604px\" \/><\/p>\n<p>RHB<\/p>\n<p><strong>\u00a0\u00a0\u00a0\u00a0\u00a0\u00a0\u00a0\u00a0\u00a0\u00a0\u00a0\u00a0\u00a0\u00a0\u00a0\u00a0\u00a0\u00a0\u00a0\u00a0\u00a0\u00a0\u00a0\u00a0\u00a0\u00a0\u00a0\u00a0\u00a0\u00a0\u00a0\u00a0\u00a0\u00a0\u00a0\u00a0\u00a0\u00a0\u00a0\u00a0\u00a0\u00a0\u00a0\u00a0\u00a0\u00a0\u00a0\u00a0\u00a0\u00a0\u00a0\u00a0\u00a0\u00a0\u00a0\u00a0\u00a0\u00a0\u00a0\u00a0\u00a0\u00a0\u00a0\u00a0\u00a0\u00a0\u00a0\u00a0\u00a0\u00a0\u00a0\u00a0\u00a0\u00a0\u00a0\u00a0\u00a0\u00a0\u00a0\u00a0\u00a0\u00a0\u00a0\u00a0\u00a0\u00a0\u00a0\u00a0\u00a0\u00a0\u00a0\u00a0\u00a0\u00a0\u00a0\u00a0\u00a0\u00a0\u00a0\u00a0\u00a0\u00a0\u00a0\u00a0\u00a0\u00a0\u00a0\u00a0\u00a0\u00a0 <\/strong><\/p>\n","protected":false},"excerpt":{"rendered":"<p>Nat\u00fcrlich ben\u00f6tigten die Eltern und Angeh\u00f6rigen einen g\u00fcltigen Test, um in die Kulturhalle zur Verabschiedung ihrer Kinder zu kommen. Nat\u00fcrlich waren auch nur zwei Personen pro Sch\u00fcler*in zugelassen und zwei Veranstaltungen mussten es sein, aber sonst hatte man an diesem Freitagnachmittag in der Grebensteiner Kulturhalle das wiederentdeckte Gef\u00fchl von Normalit\u00e4t. Rund 170 Personen konnten Schulleiterin &hellip; <a href=\"https:\/\/altgsgrebenstein.de\/?p=13555\" class=\"more-link\"><span class=\"screen-reader-text\">Ein Abschied unter \u201efast\u201c normalen Bedingungen &#8211; Die Sch\u00fcler*innen der Klassen G10, R10 und H9 verlassen die HGS<\/span> weiterlesen <span class=\"meta-nav\">&rarr;<\/span><\/a><\/p>\n","protected":false},"author":28,"featured_media":0,"comment_status":"closed","ping_status":"closed","sticky":false,"template":"","format":"standard","meta":{"saved_in_kubio":false,"footnotes":""},"categories":[33,1],"tags":[],"class_list":["post-13555","post","type-post","status-publish","format-standard","hentry","category-archiv","category-uncategorized"],"_links":{"self":[{"href":"https:\/\/altgsgrebenstein.de\/index.php?rest_route=\/wp\/v2\/posts\/13555","targetHints":{"allow":["GET"]}}],"collection":[{"href":"https:\/\/altgsgrebenstein.de\/index.php?rest_route=\/wp\/v2\/posts"}],"about":[{"href":"https:\/\/altgsgrebenstein.de\/index.php?rest_route=\/wp\/v2\/types\/post"}],"author":[{"embeddable":true,"href":"https:\/\/altgsgrebenstein.de\/index.php?rest_route=\/wp\/v2\/users\/28"}],"replies":[{"embeddable":true,"href":"https:\/\/altgsgrebenstein.de\/index.php?rest_route=%2Fwp%2Fv2%2Fcomments&post=13555"}],"version-history":[{"count":2,"href":"https:\/\/altgsgrebenstein.de\/index.php?rest_route=\/wp\/v2\/posts\/13555\/revisions"}],"predecessor-version":[{"id":13584,"href":"https:\/\/altgsgrebenstein.de\/index.php?rest_route=\/wp\/v2\/posts\/13555\/revisions\/13584"}],"wp:attachment":[{"href":"https:\/\/altgsgrebenstein.de\/index.php?rest_route=%2Fwp%2Fv2%2Fmedia&parent=13555"}],"wp:term":[{"taxonomy":"category","embeddable":true,"href":"https:\/\/altgsgrebenstein.de\/index.php?rest_route=%2Fwp%2Fv2%2Fcategories&post=13555"},{"taxonomy":"post_tag","embeddable":true,"href":"https:\/\/altgsgrebenstein.de\/index.php?rest_route=%2Fwp%2Fv2%2Ftags&post=13555"}],"curies":[{"name":"wp","href":"https:\/\/api.w.org\/{rel}","templated":true}]}}