{"id":13551,"date":"2021-07-09T13:58:54","date_gmt":"2021-07-09T12:58:54","guid":{"rendered":"http:\/\/altgsgrebenstein.de\/?p=13551"},"modified":"2021-10-11T08:18:24","modified_gmt":"2021-10-11T07:18:24","slug":"beste-kuenstlerinnen-wurden-geehrt","status":"publish","type":"post","link":"https:\/\/altgsgrebenstein.de\/?p=13551","title":{"rendered":"Beste K\u00fcnstler*innen wurden geehrt"},"content":{"rendered":"<p><img decoding=\"async\" class=\"aligncenter wp-image-13553 size-large\" src=\"http:\/\/altgsgrebenstein.de\/wp-content\/uploads\/2021\/07\/20210708_164014-1024x596.jpg\" alt=\"\" width=\"604\" height=\"352\" srcset=\"https:\/\/altgsgrebenstein.de\/wp-content\/uploads\/2021\/07\/20210708_164014-1024x596.jpg 1024w, https:\/\/altgsgrebenstein.de\/wp-content\/uploads\/2021\/07\/20210708_164014-300x175.jpg 300w, https:\/\/altgsgrebenstein.de\/wp-content\/uploads\/2021\/07\/20210708_164014-768x447.jpg 768w, https:\/\/altgsgrebenstein.de\/wp-content\/uploads\/2021\/07\/20210708_164014-1536x893.jpg 1536w, https:\/\/altgsgrebenstein.de\/wp-content\/uploads\/2021\/07\/20210708_164014-2048x1191.jpg 2048w\" sizes=\"(max-width: 604px) 100vw, 604px\" \/><\/p>\n<p>Mittlerweile ist es Tradition, dass am Ende des Schuljahres die besten Kunstarbeiten der Sch\u00fcler*innen aus unterschiedlichen Jahrg\u00e4ngen von den Kunstlehrerinnen ausgew\u00e4hlt werden. Daraus entsteht ein Postkartenset, das gedruckt wird und im Sekretariat erworben werden kann. Das Set beinhaltet zw\u00f6lf farbenpr\u00e4chtige und wundersch\u00f6ne Postkarten, die eine kunstvolle Vielfalt unserer Schule abbilden.<\/p>\n<p><img decoding=\"async\" class=\"aligncenter wp-image-13552 size-large\" src=\"http:\/\/altgsgrebenstein.de\/wp-content\/uploads\/2021\/07\/20210708_164348-1024x546.jpg\" alt=\"\" width=\"604\" height=\"322\" srcset=\"https:\/\/altgsgrebenstein.de\/wp-content\/uploads\/2021\/07\/20210708_164348-1024x546.jpg 1024w, https:\/\/altgsgrebenstein.de\/wp-content\/uploads\/2021\/07\/20210708_164348-300x160.jpg 300w, https:\/\/altgsgrebenstein.de\/wp-content\/uploads\/2021\/07\/20210708_164348-768x410.jpg 768w, https:\/\/altgsgrebenstein.de\/wp-content\/uploads\/2021\/07\/20210708_164348-1536x820.jpg 1536w, https:\/\/altgsgrebenstein.de\/wp-content\/uploads\/2021\/07\/20210708_164348-2048x1093.jpg 2048w\" sizes=\"(max-width: 604px) 100vw, 604px\" \/><\/p>\n<p>Heute wurden folgende Sch\u00fclerinnen f\u00fcr ihre au\u00dferordentliche Leistung im Fach Kunst von Frau Boye-Griesel und den Kunstlehrerinnen Susanne Lux-Ewinger und Hanne Schmidt geehrt:<\/p>\n<p>Amiee Hoffmann, Alicia Debinski, Amira Spranger, Chrisa Michailideu, Elisabeth Goschko, Irina Uliyanova, Jess Wiegel, Jona Meray, Maja Engelbrecht, Rand Tenbak, Sarda Thoric und Maya M\u00f6ller. Tolle Leistung! Bleibt weiterhin so kreativ!<\/p>\n<p>Rita Hirdes-Bettenh\u00e4user<\/p>\n","protected":false},"excerpt":{"rendered":"<p>Mittlerweile ist es Tradition, dass am Ende des Schuljahres die besten Kunstarbeiten der Sch\u00fcler*innen aus unterschiedlichen Jahrg\u00e4ngen von den Kunstlehrerinnen ausgew\u00e4hlt werden. Daraus entsteht ein Postkartenset, das gedruckt wird und im Sekretariat erworben werden kann. Das Set beinhaltet zw\u00f6lf farbenpr\u00e4chtige und wundersch\u00f6ne Postkarten, die eine kunstvolle Vielfalt unserer Schule abbilden. Heute wurden folgende Sch\u00fclerinnen f\u00fcr &hellip; <a href=\"https:\/\/altgsgrebenstein.de\/?p=13551\" class=\"more-link\"><span class=\"screen-reader-text\">Beste K\u00fcnstler*innen wurden geehrt<\/span> weiterlesen <span class=\"meta-nav\">&rarr;<\/span><\/a><\/p>\n","protected":false},"author":28,"featured_media":0,"comment_status":"closed","ping_status":"closed","sticky":false,"template":"","format":"standard","meta":{"saved_in_kubio":false,"footnotes":""},"categories":[33,1],"tags":[],"class_list":["post-13551","post","type-post","status-publish","format-standard","hentry","category-archiv","category-uncategorized"],"_links":{"self":[{"href":"https:\/\/altgsgrebenstein.de\/index.php?rest_route=\/wp\/v2\/posts\/13551","targetHints":{"allow":["GET"]}}],"collection":[{"href":"https:\/\/altgsgrebenstein.de\/index.php?rest_route=\/wp\/v2\/posts"}],"about":[{"href":"https:\/\/altgsgrebenstein.de\/index.php?rest_route=\/wp\/v2\/types\/post"}],"author":[{"embeddable":true,"href":"https:\/\/altgsgrebenstein.de\/index.php?rest_route=\/wp\/v2\/users\/28"}],"replies":[{"embeddable":true,"href":"https:\/\/altgsgrebenstein.de\/index.php?rest_route=%2Fwp%2Fv2%2Fcomments&post=13551"}],"version-history":[{"count":1,"href":"https:\/\/altgsgrebenstein.de\/index.php?rest_route=\/wp\/v2\/posts\/13551\/revisions"}],"predecessor-version":[{"id":13554,"href":"https:\/\/altgsgrebenstein.de\/index.php?rest_route=\/wp\/v2\/posts\/13551\/revisions\/13554"}],"wp:attachment":[{"href":"https:\/\/altgsgrebenstein.de\/index.php?rest_route=%2Fwp%2Fv2%2Fmedia&parent=13551"}],"wp:term":[{"taxonomy":"category","embeddable":true,"href":"https:\/\/altgsgrebenstein.de\/index.php?rest_route=%2Fwp%2Fv2%2Fcategories&post=13551"},{"taxonomy":"post_tag","embeddable":true,"href":"https:\/\/altgsgrebenstein.de\/index.php?rest_route=%2Fwp%2Fv2%2Ftags&post=13551"}],"curies":[{"name":"wp","href":"https:\/\/api.w.org\/{rel}","templated":true}]}}