{"id":13541,"date":"2021-07-08T20:12:06","date_gmt":"2021-07-08T19:12:06","guid":{"rendered":"http:\/\/altgsgrebenstein.de\/?p=13541"},"modified":"2021-10-11T08:18:25","modified_gmt":"2021-10-11T07:18:25","slug":"schulentlassfeier-am-09-07-2021","status":"publish","type":"post","link":"https:\/\/altgsgrebenstein.de\/?p=13541","title":{"rendered":"Schulentlassfeier am 09.07.2021"},"content":{"rendered":"<p><span style=\"font-size: 12pt;\">Am Freitag, den 09.07.2021, finden die diesj\u00e4hrigen Schulentlassfeiern der Abschlussklassen statt. <\/span><\/p>\n<p><span style=\"font-size: 12pt;\">Aufgrund der immer noch andauernden pandemischen Bedingungen m\u00fcssen wir wieder von unser geliebten Schultradition abweichen. <\/span><\/p>\n<p><span style=\"font-size: 12pt;\">Um 15 Uhr verabschieden wir unsere 10. Klassen des Gymnasialzweiges.<\/span><\/p>\n<p><span style=\"font-size: 12pt;\">Um 17 Uhr verabschieden wir die 9. Klasse des Hauptschulzweiges und die 10. Klassen des Realschulzweiges. <\/span><\/p>\n<p><span style=\"font-size: 12pt;\">Wir bitten Folgendes zu beachten: <\/span><\/p>\n<p><span style=\"font-size: 12pt;\">Jeder Sch\u00fcler\/jede Sch\u00fcler darf zwei Begleitpersonen mitbringen, die, wenn m\u00f6glich, \u00fcber einen negativen Coronanachweis verf\u00fcgen. Im Anschluss an die jweiligen Veranstaltungen werden auf dem Schulhof Getr\u00e4nke sowie Bratwurst angeboten. <\/span><\/p>\n","protected":false},"excerpt":{"rendered":"<p>Am Freitag, den 09.07.2021, finden die diesj\u00e4hrigen Schulentlassfeiern der Abschlussklassen statt. Aufgrund der immer noch andauernden pandemischen Bedingungen m\u00fcssen wir wieder von unser geliebten Schultradition abweichen. Um 15 Uhr verabschieden wir unsere 10. Klassen des Gymnasialzweiges. Um 17 Uhr verabschieden wir die 9. Klasse des Hauptschulzweiges und die 10. Klassen des Realschulzweiges. Wir bitten Folgendes &hellip; <a href=\"https:\/\/altgsgrebenstein.de\/?p=13541\" class=\"more-link\"><span class=\"screen-reader-text\">Schulentlassfeier am 09.07.2021<\/span> weiterlesen <span class=\"meta-nav\">&rarr;<\/span><\/a><\/p>\n","protected":false},"author":21,"featured_media":0,"comment_status":"closed","ping_status":"closed","sticky":false,"template":"","format":"standard","meta":{"saved_in_kubio":false,"footnotes":""},"categories":[33,1],"tags":[],"class_list":["post-13541","post","type-post","status-publish","format-standard","hentry","category-archiv","category-uncategorized"],"_links":{"self":[{"href":"https:\/\/altgsgrebenstein.de\/index.php?rest_route=\/wp\/v2\/posts\/13541","targetHints":{"allow":["GET"]}}],"collection":[{"href":"https:\/\/altgsgrebenstein.de\/index.php?rest_route=\/wp\/v2\/posts"}],"about":[{"href":"https:\/\/altgsgrebenstein.de\/index.php?rest_route=\/wp\/v2\/types\/post"}],"author":[{"embeddable":true,"href":"https:\/\/altgsgrebenstein.de\/index.php?rest_route=\/wp\/v2\/users\/21"}],"replies":[{"embeddable":true,"href":"https:\/\/altgsgrebenstein.de\/index.php?rest_route=%2Fwp%2Fv2%2Fcomments&post=13541"}],"version-history":[{"count":3,"href":"https:\/\/altgsgrebenstein.de\/index.php?rest_route=\/wp\/v2\/posts\/13541\/revisions"}],"predecessor-version":[{"id":13544,"href":"https:\/\/altgsgrebenstein.de\/index.php?rest_route=\/wp\/v2\/posts\/13541\/revisions\/13544"}],"wp:attachment":[{"href":"https:\/\/altgsgrebenstein.de\/index.php?rest_route=%2Fwp%2Fv2%2Fmedia&parent=13541"}],"wp:term":[{"taxonomy":"category","embeddable":true,"href":"https:\/\/altgsgrebenstein.de\/index.php?rest_route=%2Fwp%2Fv2%2Fcategories&post=13541"},{"taxonomy":"post_tag","embeddable":true,"href":"https:\/\/altgsgrebenstein.de\/index.php?rest_route=%2Fwp%2Fv2%2Ftags&post=13541"}],"curies":[{"name":"wp","href":"https:\/\/api.w.org\/{rel}","templated":true}]}}