{"id":13522,"date":"2021-07-01T17:37:10","date_gmt":"2021-07-01T16:37:10","guid":{"rendered":"http:\/\/altgsgrebenstein.de\/?p=13522"},"modified":"2021-10-11T08:18:25","modified_gmt":"2021-10-11T07:18:25","slug":"r-10-a-b-besuchen-die-gedenkstaette-breitenau","status":"publish","type":"post","link":"https:\/\/altgsgrebenstein.de\/?p=13522","title":{"rendered":"R 10 a \/ b besuchen die Gedenkst\u00e4tte Breitenau"},"content":{"rendered":"<p>In ihrer letzten &#8222;richtigen&#8220; Schulwoche haben die beiden Abschlussklassen R 10 a und R 10 b gemeinsam mit ihren GL-Lehrern, Andreas Salomon und J\u00f6rg Thiel, die Gedenkst\u00e4tte Breitenau in Guxhagen besucht. In den letzten Jahren besuchten die Abschlussklassen regelm\u00e4\u00dfig die Gedenkst\u00e4tte des ehemaligen Konzentrationslagers Buchenwald bei Weimar, aber dies war dieses Jahr pandemiebedingt nicht m\u00f6glich. Daher beschlossen die Klassen, die Gedenkst\u00e4tte Breitenau aufzusuchen, um zu erleben, was sich im Rahmen der nationalsozialistischen Herrschaft vor den Toren Kassels abspielte.<\/p>\n<p>In mitten der Gemeinde Guxhagen wurde u.a. die Klosterkirche Breitenau in den 1930er Jahren als eines der fr\u00fchen Konzentrationslager und sp\u00e4ter als Arbeitslager benutzt. Leider regnete es w\u00e4hrend der\u00a0 gesamten F\u00fchrung, die gr\u00f6\u00dftenteils im Freien stattfand. Dennoch erhielten die Sch\u00fclerinnen und Sch\u00fcler einen Eindruck es au\u00dferschulischen Lernortes dieser historischen Epoche.<\/p>\n","protected":false},"excerpt":{"rendered":"<p>In ihrer letzten &#8222;richtigen&#8220; Schulwoche haben die beiden Abschlussklassen R 10 a und R 10 b gemeinsam mit ihren GL-Lehrern, Andreas Salomon und J\u00f6rg Thiel, die Gedenkst\u00e4tte Breitenau in Guxhagen besucht. In den letzten Jahren besuchten die Abschlussklassen regelm\u00e4\u00dfig die Gedenkst\u00e4tte des ehemaligen Konzentrationslagers Buchenwald bei Weimar, aber dies war dieses Jahr pandemiebedingt nicht m\u00f6glich. &hellip; <a href=\"https:\/\/altgsgrebenstein.de\/?p=13522\" class=\"more-link\"><span class=\"screen-reader-text\">R 10 a \/ b besuchen die Gedenkst\u00e4tte Breitenau<\/span> weiterlesen <span class=\"meta-nav\">&rarr;<\/span><\/a><\/p>\n","protected":false},"author":21,"featured_media":0,"comment_status":"closed","ping_status":"closed","sticky":false,"template":"","format":"standard","meta":{"saved_in_kubio":false,"footnotes":""},"categories":[33,1],"tags":[],"class_list":["post-13522","post","type-post","status-publish","format-standard","hentry","category-archiv","category-uncategorized"],"_links":{"self":[{"href":"https:\/\/altgsgrebenstein.de\/index.php?rest_route=\/wp\/v2\/posts\/13522","targetHints":{"allow":["GET"]}}],"collection":[{"href":"https:\/\/altgsgrebenstein.de\/index.php?rest_route=\/wp\/v2\/posts"}],"about":[{"href":"https:\/\/altgsgrebenstein.de\/index.php?rest_route=\/wp\/v2\/types\/post"}],"author":[{"embeddable":true,"href":"https:\/\/altgsgrebenstein.de\/index.php?rest_route=\/wp\/v2\/users\/21"}],"replies":[{"embeddable":true,"href":"https:\/\/altgsgrebenstein.de\/index.php?rest_route=%2Fwp%2Fv2%2Fcomments&post=13522"}],"version-history":[{"count":5,"href":"https:\/\/altgsgrebenstein.de\/index.php?rest_route=\/wp\/v2\/posts\/13522\/revisions"}],"predecessor-version":[{"id":13533,"href":"https:\/\/altgsgrebenstein.de\/index.php?rest_route=\/wp\/v2\/posts\/13522\/revisions\/13533"}],"wp:attachment":[{"href":"https:\/\/altgsgrebenstein.de\/index.php?rest_route=%2Fwp%2Fv2%2Fmedia&parent=13522"}],"wp:term":[{"taxonomy":"category","embeddable":true,"href":"https:\/\/altgsgrebenstein.de\/index.php?rest_route=%2Fwp%2Fv2%2Fcategories&post=13522"},{"taxonomy":"post_tag","embeddable":true,"href":"https:\/\/altgsgrebenstein.de\/index.php?rest_route=%2Fwp%2Fv2%2Ftags&post=13522"}],"curies":[{"name":"wp","href":"https:\/\/api.w.org\/{rel}","templated":true}]}}