{"id":13507,"date":"2021-06-29T15:44:35","date_gmt":"2021-06-29T14:44:35","guid":{"rendered":"http:\/\/altgsgrebenstein.de\/?p=13507"},"modified":"2021-10-11T08:18:25","modified_gmt":"2021-10-11T07:18:25","slug":"lockdown-lyrik","status":"publish","type":"post","link":"https:\/\/altgsgrebenstein.de\/?p=13507","title":{"rendered":"Lockdown Lyrik"},"content":{"rendered":"<p><strong>Lyrik nervt<br \/>\n<\/strong>So lautet der Titel eines Buches von Andreas Thalmayr, in dem er den Umgang mit Gedichten kritisiert, da diese oftmals wie eine Geheimwissenschaft und v\u00f6llig losgel\u00f6st von den Alltagsbed\u00fcrfnissen der Kinder und Jugendlichen betrieben w\u00fcrden.<\/p>\n<p>\u201e\u00dcberhaupt tun die meisten so, als w\u00e4ren Gedichte etwas ganz Besonderes, etwas f\u00fcr Eingeweihte, etwas von dem die allermeisten gar nichts kapieren k\u00f6nnen. Und viele von uns fallen darauf herein und sagen sich: Das ist nichts f\u00fcr mich, damit kann ich nichts anfangen (\u2026). Ich komme ganz gut ohne Lyrik aus.\u201c<\/p>\n<p><strong>Das muss nicht sein<\/strong>!<br \/>\nJeder, der etwas zu sagen hat, kann Lyriker sein. Und es muss sich noch nicht einmal reimen \ud83d\ude42<\/p>\n<p>So hat die Klasse G5a Akrosticha zum Thema \u201eCorona\u201c geschrieben, die ihre Erfahrungen und Probleme in dieser Zeit widerspiegeln.<\/p>\n<p>Vielleicht hast auch du Lust, \u00fcber diese Zeit zu schreiben und uns an deinen Gedanken teilhaben zu lassen. Gerne kannst du dein Akrostichon anonym in den \u201eLockdown-Briefkasten\u201c werfen und wir werden es dann aush\u00e4ngen.<\/p>\n<p><a href=\"http:\/\/altgsgrebenstein.de\/wp-content\/uploads\/2021\/06\/Foto-Pinnwand-Lockdown-Lyrik-002-scaled.jpg\"><img decoding=\"async\" class=\"alignnone size-medium wp-image-13508\" src=\"http:\/\/altgsgrebenstein.de\/wp-content\/uploads\/2021\/06\/Foto-Pinnwand-Lockdown-Lyrik-002-300x225.jpg\" alt=\"\" width=\"300\" height=\"225\" srcset=\"https:\/\/altgsgrebenstein.de\/wp-content\/uploads\/2021\/06\/Foto-Pinnwand-Lockdown-Lyrik-002-300x225.jpg 300w, https:\/\/altgsgrebenstein.de\/wp-content\/uploads\/2021\/06\/Foto-Pinnwand-Lockdown-Lyrik-002-1024x768.jpg 1024w, https:\/\/altgsgrebenstein.de\/wp-content\/uploads\/2021\/06\/Foto-Pinnwand-Lockdown-Lyrik-002-768x576.jpg 768w, https:\/\/altgsgrebenstein.de\/wp-content\/uploads\/2021\/06\/Foto-Pinnwand-Lockdown-Lyrik-002-1536x1152.jpg 1536w, https:\/\/altgsgrebenstein.de\/wp-content\/uploads\/2021\/06\/Foto-Pinnwand-Lockdown-Lyrik-002-2048x1536.jpg 2048w\" sizes=\"(max-width: 300px) 100vw, 300px\" \/><\/a><\/p>\n","protected":false},"excerpt":{"rendered":"<p>Lyrik nervt So lautet der Titel eines Buches von Andreas Thalmayr, in dem er den Umgang mit Gedichten kritisiert, da diese oftmals wie eine Geheimwissenschaft und v\u00f6llig losgel\u00f6st von den Alltagsbed\u00fcrfnissen der Kinder und Jugendlichen betrieben w\u00fcrden. \u201e\u00dcberhaupt tun die meisten so, als w\u00e4ren Gedichte etwas ganz Besonderes, etwas f\u00fcr Eingeweihte, etwas von dem die &hellip; <a href=\"https:\/\/altgsgrebenstein.de\/?p=13507\" class=\"more-link\"><span class=\"screen-reader-text\">Lockdown Lyrik<\/span> weiterlesen <span class=\"meta-nav\">&rarr;<\/span><\/a><\/p>\n","protected":false},"author":10,"featured_media":0,"comment_status":"closed","ping_status":"closed","sticky":false,"template":"","format":"standard","meta":{"saved_in_kubio":false,"footnotes":""},"categories":[33,115],"tags":[],"class_list":["post-13507","post","type-post","status-publish","format-standard","hentry","category-archiv","category-deutsch"],"_links":{"self":[{"href":"https:\/\/altgsgrebenstein.de\/index.php?rest_route=\/wp\/v2\/posts\/13507","targetHints":{"allow":["GET"]}}],"collection":[{"href":"https:\/\/altgsgrebenstein.de\/index.php?rest_route=\/wp\/v2\/posts"}],"about":[{"href":"https:\/\/altgsgrebenstein.de\/index.php?rest_route=\/wp\/v2\/types\/post"}],"author":[{"embeddable":true,"href":"https:\/\/altgsgrebenstein.de\/index.php?rest_route=\/wp\/v2\/users\/10"}],"replies":[{"embeddable":true,"href":"https:\/\/altgsgrebenstein.de\/index.php?rest_route=%2Fwp%2Fv2%2Fcomments&post=13507"}],"version-history":[{"count":3,"href":"https:\/\/altgsgrebenstein.de\/index.php?rest_route=\/wp\/v2\/posts\/13507\/revisions"}],"predecessor-version":[{"id":13511,"href":"https:\/\/altgsgrebenstein.de\/index.php?rest_route=\/wp\/v2\/posts\/13507\/revisions\/13511"}],"wp:attachment":[{"href":"https:\/\/altgsgrebenstein.de\/index.php?rest_route=%2Fwp%2Fv2%2Fmedia&parent=13507"}],"wp:term":[{"taxonomy":"category","embeddable":true,"href":"https:\/\/altgsgrebenstein.de\/index.php?rest_route=%2Fwp%2Fv2%2Fcategories&post=13507"},{"taxonomy":"post_tag","embeddable":true,"href":"https:\/\/altgsgrebenstein.de\/index.php?rest_route=%2Fwp%2Fv2%2Ftags&post=13507"}],"curies":[{"name":"wp","href":"https:\/\/api.w.org\/{rel}","templated":true}]}}