{"id":13502,"date":"2021-06-29T15:51:57","date_gmt":"2021-06-29T14:51:57","guid":{"rendered":"http:\/\/altgsgrebenstein.de\/?p=13502"},"modified":"2021-10-11T08:18:25","modified_gmt":"2021-10-11T07:18:25","slug":"die-abgaenger-hissen-die-plakate","status":"publish","type":"post","link":"https:\/\/altgsgrebenstein.de\/?p=13502","title":{"rendered":"Die Abgangsklassen hissen die Plakate"},"content":{"rendered":"<p><img decoding=\"async\" class=\"aligncenter wp-image-13503 size-large\" src=\"http:\/\/altgsgrebenstein.de\/wp-content\/uploads\/2021\/06\/DSC1-1024x678.jpg\" alt=\"\" width=\"604\" height=\"400\" srcset=\"https:\/\/altgsgrebenstein.de\/wp-content\/uploads\/2021\/06\/DSC1-1024x678.jpg 1024w, https:\/\/altgsgrebenstein.de\/wp-content\/uploads\/2021\/06\/DSC1-300x199.jpg 300w, https:\/\/altgsgrebenstein.de\/wp-content\/uploads\/2021\/06\/DSC1-768x509.jpg 768w, https:\/\/altgsgrebenstein.de\/wp-content\/uploads\/2021\/06\/DSC1-1536x1017.jpg 1536w, https:\/\/altgsgrebenstein.de\/wp-content\/uploads\/2021\/06\/DSC1-2048x1356.jpg 2048w\" sizes=\"(max-width: 604px) 100vw, 604px\" \/><\/p>\n<p><strong>Grebenstein.\u00a0\u00a0<\/strong>Das Schuljahr 2020\/2021 neigt sich mit gro\u00dfen Schritten dem Ende zu. Ein sehr au\u00dfergew\u00f6hnliches Jahr liegt hinter der Schulgemeinde und verbunden mit den letzten \u00d6ffnungsschritten blicken alle optimistisch in Richtung neues Schuljahr.<\/p>\n<p><img decoding=\"async\" class=\"aligncenter wp-image-13504 size-large\" src=\"http:\/\/altgsgrebenstein.de\/wp-content\/uploads\/2021\/06\/DSC2-1024x678.jpg\" alt=\"\" width=\"604\" height=\"400\" srcset=\"https:\/\/altgsgrebenstein.de\/wp-content\/uploads\/2021\/06\/DSC2-1024x678.jpg 1024w, https:\/\/altgsgrebenstein.de\/wp-content\/uploads\/2021\/06\/DSC2-300x199.jpg 300w, https:\/\/altgsgrebenstein.de\/wp-content\/uploads\/2021\/06\/DSC2-768x509.jpg 768w, https:\/\/altgsgrebenstein.de\/wp-content\/uploads\/2021\/06\/DSC2-1536x1017.jpg 1536w, https:\/\/altgsgrebenstein.de\/wp-content\/uploads\/2021\/06\/DSC2-2048x1356.jpg 2048w\" sizes=\"(max-width: 604px) 100vw, 604px\" \/><\/p>\n<p>Auch die Abgangsklassen lie\u00dfen es sich nach ihren Abschlussfahrten nicht nehmen, die traditionellen, selbst gestalteten Plakate zu hissen und auf diesem Wege ihren Abschied anzuk\u00fcndigen, auch dieser Anblick sorgt innerlich f\u00fcr ein St\u00fcck mehr Normalit\u00e4t.<\/p>\n<p><img decoding=\"async\" class=\"aligncenter wp-image-13505 size-large\" src=\"http:\/\/altgsgrebenstein.de\/wp-content\/uploads\/2021\/06\/DSC3-1024x678.jpg\" alt=\"\" width=\"604\" height=\"400\" srcset=\"https:\/\/altgsgrebenstein.de\/wp-content\/uploads\/2021\/06\/DSC3-1024x678.jpg 1024w, https:\/\/altgsgrebenstein.de\/wp-content\/uploads\/2021\/06\/DSC3-300x199.jpg 300w, https:\/\/altgsgrebenstein.de\/wp-content\/uploads\/2021\/06\/DSC3-768x509.jpg 768w, https:\/\/altgsgrebenstein.de\/wp-content\/uploads\/2021\/06\/DSC3-1536x1017.jpg 1536w, https:\/\/altgsgrebenstein.de\/wp-content\/uploads\/2021\/06\/DSC3-2048x1356.jpg 2048w\" sizes=\"(max-width: 604px) 100vw, 604px\" \/><\/p>\n<p>Wir w\u00fcnschen unseren Abg\u00e4ngerinnen und Ang\u00e4ngern eine sch\u00f6ne restliche Zeit an der HGS!<\/p>\n","protected":false},"excerpt":{"rendered":"<p>Grebenstein.\u00a0\u00a0Das Schuljahr 2020\/2021 neigt sich mit gro\u00dfen Schritten dem Ende zu. Ein sehr au\u00dfergew\u00f6hnliches Jahr liegt hinter der Schulgemeinde und verbunden mit den letzten \u00d6ffnungsschritten blicken alle optimistisch in Richtung neues Schuljahr. Auch die Abgangsklassen lie\u00dfen es sich nach ihren Abschlussfahrten nicht nehmen, die traditionellen, selbst gestalteten Plakate zu hissen und auf diesem Wege ihren &hellip; <a href=\"https:\/\/altgsgrebenstein.de\/?p=13502\" class=\"more-link\"><span class=\"screen-reader-text\">Die Abgangsklassen hissen die Plakate<\/span> weiterlesen <span class=\"meta-nav\">&rarr;<\/span><\/a><\/p>\n","protected":false},"author":28,"featured_media":0,"comment_status":"closed","ping_status":"closed","sticky":false,"template":"","format":"standard","meta":{"saved_in_kubio":false,"footnotes":""},"categories":[33,66],"tags":[],"class_list":["post-13502","post","type-post","status-publish","format-standard","hentry","category-archiv","category-schulentlassung"],"_links":{"self":[{"href":"https:\/\/altgsgrebenstein.de\/index.php?rest_route=\/wp\/v2\/posts\/13502","targetHints":{"allow":["GET"]}}],"collection":[{"href":"https:\/\/altgsgrebenstein.de\/index.php?rest_route=\/wp\/v2\/posts"}],"about":[{"href":"https:\/\/altgsgrebenstein.de\/index.php?rest_route=\/wp\/v2\/types\/post"}],"author":[{"embeddable":true,"href":"https:\/\/altgsgrebenstein.de\/index.php?rest_route=\/wp\/v2\/users\/28"}],"replies":[{"embeddable":true,"href":"https:\/\/altgsgrebenstein.de\/index.php?rest_route=%2Fwp%2Fv2%2Fcomments&post=13502"}],"version-history":[{"count":4,"href":"https:\/\/altgsgrebenstein.de\/index.php?rest_route=\/wp\/v2\/posts\/13502\/revisions"}],"predecessor-version":[{"id":13517,"href":"https:\/\/altgsgrebenstein.de\/index.php?rest_route=\/wp\/v2\/posts\/13502\/revisions\/13517"}],"wp:attachment":[{"href":"https:\/\/altgsgrebenstein.de\/index.php?rest_route=%2Fwp%2Fv2%2Fmedia&parent=13502"}],"wp:term":[{"taxonomy":"category","embeddable":true,"href":"https:\/\/altgsgrebenstein.de\/index.php?rest_route=%2Fwp%2Fv2%2Fcategories&post=13502"},{"taxonomy":"post_tag","embeddable":true,"href":"https:\/\/altgsgrebenstein.de\/index.php?rest_route=%2Fwp%2Fv2%2Ftags&post=13502"}],"curies":[{"name":"wp","href":"https:\/\/api.w.org\/{rel}","templated":true}]}}