{"id":13382,"date":"2021-05-18T22:35:30","date_gmt":"2021-05-18T21:35:30","guid":{"rendered":"http:\/\/altgsgrebenstein.de\/?p=13382"},"modified":"2021-10-11T08:19:17","modified_gmt":"2021-10-11T07:19:17","slug":"kaenguru-der-mathematik-2021","status":"publish","type":"post","link":"https:\/\/altgsgrebenstein.de\/?p=13382","title":{"rendered":"K\u00e4nguru der Mathematik 2021"},"content":{"rendered":"<p><span style=\"font-family: tahoma, arial, helvetica, sans-serif; font-size: 10pt;\">Wie im letzten Jahr, in dem die HGS zum ersten Mal am Mathe-K\u00e4nguru-Wettbewerb teilnahm, musste auch diesmal die insgesamt 27. Auflage des Wettbewerbes teilweise zu Hause durchgef\u00fchrt werden.<\/span><br \/>\n<span style=\"font-family: tahoma, arial, helvetica, sans-serif; font-size: 10pt;\">Trotz aller widrigen Umst\u00e4nde stellten sich 92 Sch\u00fclerinnen und Sch\u00fcler den mathematischen Herausforderungen und lie\u00dfen sich den Spa\u00df an der Mathematik nicht nehmen und r\u00e4tselten 75 Minuten an den kniffligen Knobelaufgaben des K\u00e4ngurus.<\/span><br \/>\n<span style=\"font-family: tahoma, arial, helvetica, sans-serif; font-size: 10pt;\">Ihre Ergebnisse wurden direkt auf einem Antwortzettel im Internet hochgeladen.<\/span><\/p>\n<p><span style=\"font-family: tahoma, arial, helvetica, sans-serif; font-size: 10pt;\">Leider konnte es coronabedingt keine offizielle Siegerehrung der Jahrgangsbesten geben, sodass die Urkunden und Preise \u00fcber die\u00a0 Mathematiklehrkr\u00e4fte verteilt wurden.<\/span><\/p>\n<p><span style=\"font-family: tahoma, arial, helvetica, sans-serif; font-size: 10pt;\">Wir gratulieren allen Teilnehmer\/innen des K\u00e4nguru-Wettbewerbs 2021 zu ihren guten Ergebnissen und f\u00fchren nachfolgend jeweils die drei besten Sch\u00fcler\/innen ihrer Jahrgangsstufe an dieser Stelle an:<\/span><\/p>\n<table style=\"border-collapse: collapse; width: 100%;\">\n<tbody>\n<tr>\n<td style=\"width: 50%;\"><span style=\"font-family: tahoma, arial, helvetica, sans-serif; font-size: 10pt;\"><strong>Klassen 5<br \/>\n<\/strong>1. Celine Engelbrecht, G5b (69,25)<\/span><br \/>\n<span style=\"font-family: tahoma, arial, helvetica, sans-serif; font-size: 10pt;\">2. Lilly Konze, G5b (67,5)<\/span><br \/>\n<span style=\"font-family: tahoma, arial, helvetica, sans-serif; font-size: 10pt;\">3. Mattis Wollert, G5b (65)<\/span><\/td>\n<td style=\"width: 50%;\"><span style=\"font-family: tahoma, arial, helvetica, sans-serif; font-size: 10pt;\"><strong>Klassen 6<br \/>\n<\/strong>1. Victoria Pape, G6a (81,25)<br \/>\n2. Sean Finley von Juterczenka, G6b (76,5)<br \/>\n3. Ben Goczol, F6b (76,25)<\/span><\/td>\n<\/tr>\n<tr>\n<td style=\"width: 50%;\"><span style=\"font-family: tahoma, arial, helvetica, sans-serif; font-size: 10pt;\"><strong>Klassen 7<br \/>\n<\/strong>1. Bastian Berndt, G7a (104,75)<\/span><br \/>\n<span style=\"font-family: tahoma, arial, helvetica, sans-serif; font-size: 10pt;\">2. Ella Str\u00e4tz, G7b (89)<\/span><br \/>\n<span style=\"font-family: tahoma, arial, helvetica, sans-serif; font-size: 10pt;\">3. Lars Treptow, G7a (84)<\/span><\/td>\n<td style=\"width: 50%;\"><span style=\"font-family: tahoma, arial, helvetica, sans-serif; font-size: 10pt;\"><strong>Klassen 8<br \/>\n<\/strong>1. Torben Mackel, G8a (86,5)<\/span><br \/>\n<span style=\"font-family: tahoma, arial, helvetica, sans-serif; font-size: 10pt;\">2. Jannik Albowitz, G8a (82,5)<\/span><br \/>\n<span style=\"font-family: tahoma, arial, helvetica, sans-serif; font-size: 10pt;\">3. Amelie Lohne, G8a (78,75)<\/span><br \/>\n<span style=\"font-family: tahoma, arial, helvetica, sans-serif; font-size: 10pt;\">\u00a0 \u00a0 Bente Wollert, G8a (78,75)<\/span><\/td>\n<\/tr>\n<tr>\n<td style=\"width: 50%;\"><span style=\"font-family: tahoma, arial, helvetica, sans-serif; font-size: 10pt;\"><strong>Klassen 9<br \/>\n<\/strong>1. Rabea Fricke, G9a (62,5)<\/span><br \/>\n<span style=\"font-family: tahoma, arial, helvetica, sans-serif; font-size: 10pt;\">2. Kim-Julika D\u00f6hne, G9a (60,25)<\/span><br \/>\n<span style=\"font-family: tahoma, arial, helvetica, sans-serif; font-size: 10pt;\">3. Christin Woltring, G9a (57,5)<\/span><\/td>\n<td style=\"width: 50%;\"><span style=\"font-family: tahoma, arial, helvetica, sans-serif; font-size: 10pt;\"><strong>Klassen 10<br \/>\n<\/strong>1. Nahid Nouali, G10a (67,5)<\/span><br \/>\n<span style=\"font-family: tahoma, arial, helvetica, sans-serif; font-size: 10pt;\">2. Phil Berndt, G10a (63,5)<\/span><br \/>\n<span style=\"font-family: tahoma, arial, helvetica, sans-serif; font-size: 10pt;\">3. Bastian M\u00f6ller, R10a (59,75)<\/span><\/td>\n<\/tr>\n<\/tbody>\n<\/table>\n<p><span style=\"font-family: tahoma, arial, helvetica, sans-serif; font-size: 10pt;\">Dar\u00fcber hinaus sind neben der Leistung von Bastian Berndt (G7a, h\u00f6chste Punktzahl) die Leistungen von Lars Treptow (G7a) und Jannik Albowitz (G8a) zu erw\u00e4hnen, die mit 13 richtigen Antworten in Folge den gr\u00f6\u00dften K\u00e4ngurusprung an unserer Schule hinlegten und daf\u00fcr mit einem Extrapreis (T-Shirt) belohnt wurden.\u00a0<\/span><\/p>\n<table style=\"border-collapse: collapse; width: 100%;\">\n<tbody>\n<tr>\n<td style=\"width: 33.3333%; text-align: center;\"><img decoding=\"async\" class=\"alignnone size-medium wp-image-13383\" src=\"http:\/\/altgsgrebenstein.de\/wp-content\/uploads\/2021\/05\/BAstian-Berndt-300x225.jpg\" alt=\"\" width=\"300\" height=\"225\" srcset=\"https:\/\/altgsgrebenstein.de\/wp-content\/uploads\/2021\/05\/BAstian-Berndt-300x225.jpg 300w, https:\/\/altgsgrebenstein.de\/wp-content\/uploads\/2021\/05\/BAstian-Berndt-1024x768.jpg 1024w, https:\/\/altgsgrebenstein.de\/wp-content\/uploads\/2021\/05\/BAstian-Berndt-768x576.jpg 768w, https:\/\/altgsgrebenstein.de\/wp-content\/uploads\/2021\/05\/BAstian-Berndt-1536x1152.jpg 1536w, https:\/\/altgsgrebenstein.de\/wp-content\/uploads\/2021\/05\/BAstian-Berndt-2048x1536.jpg 2048w\" sizes=\"(max-width: 300px) 100vw, 300px\" \/><\/td>\n<td style=\"width: 33.3333%; text-align: center;\"><img decoding=\"async\" class=\"alignnone size-medium wp-image-13384\" src=\"http:\/\/altgsgrebenstein.de\/wp-content\/uploads\/2021\/05\/LarsTreptow-300x225.jpg\" alt=\"\" width=\"300\" height=\"225\" srcset=\"https:\/\/altgsgrebenstein.de\/wp-content\/uploads\/2021\/05\/LarsTreptow-300x225.jpg 300w, https:\/\/altgsgrebenstein.de\/wp-content\/uploads\/2021\/05\/LarsTreptow-1024x768.jpg 1024w, https:\/\/altgsgrebenstein.de\/wp-content\/uploads\/2021\/05\/LarsTreptow-768x576.jpg 768w, https:\/\/altgsgrebenstein.de\/wp-content\/uploads\/2021\/05\/LarsTreptow-1536x1152.jpg 1536w, https:\/\/altgsgrebenstein.de\/wp-content\/uploads\/2021\/05\/LarsTreptow-2048x1535.jpg 2048w\" sizes=\"(max-width: 300px) 100vw, 300px\" \/><\/td>\n<td style=\"width: 33.3333%; text-align: center;\"><img decoding=\"async\" class=\"alignnone size-medium wp-image-13385\" src=\"http:\/\/altgsgrebenstein.de\/wp-content\/uploads\/2021\/05\/Jannik_Albovic-300x225.jpg\" alt=\"\" width=\"300\" height=\"225\" srcset=\"https:\/\/altgsgrebenstein.de\/wp-content\/uploads\/2021\/05\/Jannik_Albovic-300x225.jpg 300w, https:\/\/altgsgrebenstein.de\/wp-content\/uploads\/2021\/05\/Jannik_Albovic-1024x768.jpg 1024w, https:\/\/altgsgrebenstein.de\/wp-content\/uploads\/2021\/05\/Jannik_Albovic-768x576.jpg 768w, https:\/\/altgsgrebenstein.de\/wp-content\/uploads\/2021\/05\/Jannik_Albovic-1536x1152.jpg 1536w, https:\/\/altgsgrebenstein.de\/wp-content\/uploads\/2021\/05\/Jannik_Albovic-2048x1536.jpg 2048w\" sizes=\"(max-width: 300px) 100vw, 300px\" \/><\/td>\n<\/tr>\n<tr>\n<td style=\"width: 33.3333%; text-align: center;\">Bastian Berndt<\/td>\n<td style=\"width: 33.3333%; text-align: center;\">Lars Treptow<\/td>\n<td style=\"width: 33.3333%; text-align: center;\">Jannik Albowitz<\/td>\n<\/tr>\n<\/tbody>\n<\/table>\n","protected":false},"excerpt":{"rendered":"<p>Wie im letzten Jahr, in dem die HGS zum ersten Mal am Mathe-K\u00e4nguru-Wettbewerb teilnahm, musste auch diesmal die insgesamt 27. Auflage des Wettbewerbes teilweise zu Hause durchgef\u00fchrt werden. Trotz aller widrigen Umst\u00e4nde stellten sich 92 Sch\u00fclerinnen und Sch\u00fcler den mathematischen Herausforderungen und lie\u00dfen sich den Spa\u00df an der Mathematik nicht nehmen und r\u00e4tselten 75 Minuten &hellip; <a href=\"https:\/\/altgsgrebenstein.de\/?p=13382\" class=\"more-link\"><span class=\"screen-reader-text\">K\u00e4nguru der Mathematik 2021<\/span> weiterlesen <span class=\"meta-nav\">&rarr;<\/span><\/a><\/p>\n","protected":false},"author":9,"featured_media":0,"comment_status":"closed","ping_status":"closed","sticky":false,"template":"","format":"standard","meta":{"saved_in_kubio":false,"footnotes":""},"categories":[33,62],"tags":[],"class_list":["post-13382","post","type-post","status-publish","format-standard","hentry","category-archiv","category-mathematik"],"_links":{"self":[{"href":"https:\/\/altgsgrebenstein.de\/index.php?rest_route=\/wp\/v2\/posts\/13382","targetHints":{"allow":["GET"]}}],"collection":[{"href":"https:\/\/altgsgrebenstein.de\/index.php?rest_route=\/wp\/v2\/posts"}],"about":[{"href":"https:\/\/altgsgrebenstein.de\/index.php?rest_route=\/wp\/v2\/types\/post"}],"author":[{"embeddable":true,"href":"https:\/\/altgsgrebenstein.de\/index.php?rest_route=\/wp\/v2\/users\/9"}],"replies":[{"embeddable":true,"href":"https:\/\/altgsgrebenstein.de\/index.php?rest_route=%2Fwp%2Fv2%2Fcomments&post=13382"}],"version-history":[{"count":6,"href":"https:\/\/altgsgrebenstein.de\/index.php?rest_route=\/wp\/v2\/posts\/13382\/revisions"}],"predecessor-version":[{"id":13391,"href":"https:\/\/altgsgrebenstein.de\/index.php?rest_route=\/wp\/v2\/posts\/13382\/revisions\/13391"}],"wp:attachment":[{"href":"https:\/\/altgsgrebenstein.de\/index.php?rest_route=%2Fwp%2Fv2%2Fmedia&parent=13382"}],"wp:term":[{"taxonomy":"category","embeddable":true,"href":"https:\/\/altgsgrebenstein.de\/index.php?rest_route=%2Fwp%2Fv2%2Fcategories&post=13382"},{"taxonomy":"post_tag","embeddable":true,"href":"https:\/\/altgsgrebenstein.de\/index.php?rest_route=%2Fwp%2Fv2%2Ftags&post=13382"}],"curies":[{"name":"wp","href":"https:\/\/api.w.org\/{rel}","templated":true}]}}