{"id":1337,"date":"2016-11-18T18:26:28","date_gmt":"2016-11-18T17:26:28","guid":{"rendered":"http:\/\/www.gsgrebenstein.net\/wordpress\/?p=1337"},"modified":"2020-12-30T08:54:53","modified_gmt":"2020-12-30T07:54:53","slug":"26-cafe-beruf","status":"publish","type":"post","link":"https:\/\/altgsgrebenstein.de\/?p=1337","title":{"rendered":"26. Cafe Beruf"},"content":{"rendered":"<p><span style=\"font-size: 14pt;\"><strong>Ein wichtiger Baustein der Berufsorientierung an der HGS<\/strong><\/span><\/p>\n<p>Am <strong>Freitag, 11.11.2016<\/strong> fand das <strong>26. Caf\u00e9 Beruf<\/strong> an der HGS unter Beteiligung der Vorabgangsklassen und ihrer Eltern statt. Geleitet wurde die Veranstaltung von Frau Oppermann.<\/p>\n<p><a href=\"http:\/\/altgsgrebenstein.de\/wp-content\/uploads\/2016\/11\/Cafe-Beruf-11.11.16-1.png\"><img decoding=\"async\" class=\"size-medium wp-image-12833 alignleft\" src=\"http:\/\/altgsgrebenstein.de\/wp-content\/uploads\/2016\/11\/Cafe-Beruf-11.11.16-1-300x205.png\" alt=\"\" width=\"300\" height=\"205\" srcset=\"https:\/\/altgsgrebenstein.de\/wp-content\/uploads\/2016\/11\/Cafe-Beruf-11.11.16-1-300x205.png 300w, https:\/\/altgsgrebenstein.de\/wp-content\/uploads\/2016\/11\/Cafe-Beruf-11.11.16-1-768x525.png 768w, https:\/\/altgsgrebenstein.de\/wp-content\/uploads\/2016\/11\/Cafe-Beruf-11.11.16-1.png 924w\" sizes=\"(max-width: 300px) 100vw, 300px\" \/><\/a>Eingeladen waren das <strong>Diakonische Aus- und Fortbildungszentrum Hofgeismar<\/strong>, Fachbereich Evangelische Altenpflegeschule am Gesundbrunnen, Unternehmensvertreter\/innen von <strong>VITAQUA GmbH, Breuna<\/strong> (Produktion und Vertrieb von Mineralwasser sowie anderer Getr\u00e4nke) und der <strong>Inhaber der L\u00f6wenapotheke<\/strong> in Grebenstein &#8211; Herr Mohr mit einer Auszubildenden. Das vierte Workshop-Angebot wurde schulintern bestritten. Die beiden <strong>OloV-Schulkoordinatoren<\/strong>\u00a0 (Frau Russ-Giloy &amp; Herr Feuring) haben zusammen mit Frau Emde vom neu gegr\u00fcndeten <strong>schuleigenen Berufswahlb\u00fcro<\/strong> die Gunst der Stunde genutzt um den aufmerksamen Sch\u00fcler\/innen und Eltern das Thema: <strong>\u201eSchule &#8211; und was dann?\u201c <\/strong>vorzustellen. Vor diesem Hintergrund wurden zugleich die vielschichtigen Inhalte der<strong> Schulhomepage <\/strong>im Bereich<strong> Berufs- und Studienorientierung<\/strong> pr\u00e4sentiert.<br \/>\nNach einer kurzen Vorstellungsrunde der Unternehmensvertreter\/innen im Plenum ging es anschlie\u00dfend von der Aula in die Klassenr\u00e4ume. In kurzweiligen Pr\u00e4sentationen, mit der M\u00f6glichkeit der direkten Nachfrage, konnten sich die Zuh\u00f6rer\/innen in jeweils 2 von 4 Workshop-Angeboten zu den betrieblichen Anforderungen und beruflichen Perspektiven informieren.<br \/>\nBei <strong>Kaffee und Kuchen<\/strong> \u2013 das <strong>Catering<\/strong> \u00fcbernahm die <strong>Klasse R9a<\/strong> \u2013 setzten sich die Gespr\u00e4che in der Aula anschlie\u00dfend fort.<\/p>\n","protected":false},"excerpt":{"rendered":"<p>Ein wichtiger Baustein der Berufsorientierung an der HGS Am Freitag, 11.11.2016 fand das 26. Caf\u00e9 Beruf an der HGS unter Beteiligung der Vorabgangsklassen und ihrer Eltern statt. Geleitet wurde die Veranstaltung von Frau Oppermann. Eingeladen waren das Diakonische Aus- und Fortbildungszentrum Hofgeismar, Fachbereich Evangelische Altenpflegeschule am Gesundbrunnen, Unternehmensvertreter\/innen von VITAQUA GmbH, Breuna (Produktion und Vertrieb &hellip; <a href=\"https:\/\/altgsgrebenstein.de\/?p=1337\" class=\"more-link\"><span class=\"screen-reader-text\">26. Cafe Beruf<\/span> weiterlesen <span class=\"meta-nav\">&rarr;<\/span><\/a><\/p>\n","protected":false},"author":28,"featured_media":0,"comment_status":"closed","ping_status":"open","sticky":false,"template":"","format":"standard","meta":{"saved_in_kubio":false,"footnotes":""},"categories":[33,34,36],"tags":[],"class_list":["post-1337","post","type-post","status-publish","format-standard","hentry","category-archiv","category-berufsorientierung","category-cafe-beruf"],"_links":{"self":[{"href":"https:\/\/altgsgrebenstein.de\/index.php?rest_route=\/wp\/v2\/posts\/1337","targetHints":{"allow":["GET"]}}],"collection":[{"href":"https:\/\/altgsgrebenstein.de\/index.php?rest_route=\/wp\/v2\/posts"}],"about":[{"href":"https:\/\/altgsgrebenstein.de\/index.php?rest_route=\/wp\/v2\/types\/post"}],"author":[{"embeddable":true,"href":"https:\/\/altgsgrebenstein.de\/index.php?rest_route=\/wp\/v2\/users\/28"}],"replies":[{"embeddable":true,"href":"https:\/\/altgsgrebenstein.de\/index.php?rest_route=%2Fwp%2Fv2%2Fcomments&post=1337"}],"version-history":[{"count":2,"href":"https:\/\/altgsgrebenstein.de\/index.php?rest_route=\/wp\/v2\/posts\/1337\/revisions"}],"predecessor-version":[{"id":12834,"href":"https:\/\/altgsgrebenstein.de\/index.php?rest_route=\/wp\/v2\/posts\/1337\/revisions\/12834"}],"wp:attachment":[{"href":"https:\/\/altgsgrebenstein.de\/index.php?rest_route=%2Fwp%2Fv2%2Fmedia&parent=1337"}],"wp:term":[{"taxonomy":"category","embeddable":true,"href":"https:\/\/altgsgrebenstein.de\/index.php?rest_route=%2Fwp%2Fv2%2Fcategories&post=1337"},{"taxonomy":"post_tag","embeddable":true,"href":"https:\/\/altgsgrebenstein.de\/index.php?rest_route=%2Fwp%2Fv2%2Ftags&post=1337"}],"curies":[{"name":"wp","href":"https:\/\/api.w.org\/{rel}","templated":true}]}}