{"id":13340,"date":"2021-05-07T18:39:28","date_gmt":"2021-05-07T17:39:28","guid":{"rendered":"http:\/\/altgsgrebenstein.de\/?p=13340"},"modified":"2021-10-11T08:19:17","modified_gmt":"2021-10-11T07:19:17","slug":"berufsorientierung-digital-das-cafe-beruf-geht-online","status":"publish","type":"post","link":"https:\/\/altgsgrebenstein.de\/?p=13340","title":{"rendered":"Berufsorientierung digital &#8211; das Caf\u00e9 Beruf geht online"},"content":{"rendered":"<p><strong>Grebenstein. <\/strong>Auch vor dem Caf\u00e9 Beruf machte die Corona-Pandemie nicht Halt. Zweimal musste die beliebte schulinterne Berufsinformationsmesse, die an der HGS traditionell im Fr\u00fchjahr und Herbst stattfindet, bereits ausfallen. Und auch im Fr\u00fchjahr 2021 war an eine Pr\u00e4senzveranstaltung im klassischen Sinne nicht zu denken. Kein pers\u00f6nlicher Austausch mit FirmenvertreterInnen in den Klassenr\u00e4umen, keine interessanten Unterhaltungen bei Kaffee und Kuchen in der neuen Aula&#8230;all das wird auch wiederkommen, war aber auch diesmal noch nicht m\u00f6glich.<\/p>\n<p>Um den aktuellen Umst\u00e4nden dennoch zu trotzen und den Vorabgangsklassen wieder Eindr\u00fccke aus der Arbeitswelt zu erm\u00f6glichen, wurde das erste digitale Caf\u00e9 Beruf ins Leben gerufen, welches am 07.05.2021 von 17-19 Uhr per Videokonferenz stattfand.<\/p>\n<p>Dieses Mal hatten sich drei Firmen bereit erkl\u00e4rt, den Sch\u00fclerinnen und Sch\u00fclern aus den Klassen H8, R9a und R9b und ihren Klassenleitungen Informationen zu Ausbildungsberufen, n\u00f6tigen Voraussetzungen und Eindr\u00fccke aus ihrem Arbeitsalltag n\u00e4her zu bringen. Teilgenommen haben diesmal der regionale Stromversorger EAM, der Internationale Bund (IB S\u00fcdwest) und Gesundbrunnen Hofgeismar aus dem Gesundheitssektor. Berichtet wurde \u00fcber Berufe und M\u00f6glichkeiten in der Energiebranche, \u00fcber Freiwilligendienste und M\u00f6glichkeiten nach der Schule und \u00fcber die interessante Welt der Pflegeberufe.<\/p>\n<figure id=\"attachment_13341\" aria-describedby=\"caption-attachment-13341\" style=\"width: 604px\" class=\"wp-caption aligncenter\"><img decoding=\"async\" class=\"wp-image-13341 size-large\" src=\"http:\/\/altgsgrebenstein.de\/wp-content\/uploads\/2021\/05\/Screenshot-13-1024x561.png\" alt=\"\" width=\"604\" height=\"331\" srcset=\"https:\/\/altgsgrebenstein.de\/wp-content\/uploads\/2021\/05\/Screenshot-13-1024x561.png 1024w, https:\/\/altgsgrebenstein.de\/wp-content\/uploads\/2021\/05\/Screenshot-13-300x164.png 300w, https:\/\/altgsgrebenstein.de\/wp-content\/uploads\/2021\/05\/Screenshot-13-768x421.png 768w, https:\/\/altgsgrebenstein.de\/wp-content\/uploads\/2021\/05\/Screenshot-13-1536x842.png 1536w, https:\/\/altgsgrebenstein.de\/wp-content\/uploads\/2021\/05\/Screenshot-13.png 1688w\" sizes=\"(max-width: 604px) 100vw, 604px\" \/><figcaption id=\"caption-attachment-13341\" class=\"wp-caption-text\">Die Vertreterinnen der Firmen mit Herrn Feuring und Herrn Lautze in der gemeinsamen Abschlussrunde<\/figcaption><\/figure>\n<p>Die Sch\u00fclerinnen und Sch\u00fcler konnten sich nach der Begr\u00fc\u00dfungs- und Vorstellungsrunde in 2 Workshops \u00e0 30 Minuten einw\u00e4hlen und den Firmenvertreterinnen am Ende wie gewohnt Fragen stellen, am Ende gab es noch eine gemeinsame Abschlussrunde. Eigentlich alles wie immer &#8211; und doch auch ganz neu! Der erste digitale Testlauf war erfolgreich und hat den Sch\u00fclerinnen und Sch\u00fclern zahlreiche neue Eindr\u00fccke beschert, die im Unterricht weiter nachbereitet werden und ihnen hoffentlich ein St\u00fcck weit bei ihrer eigenen Berufswahl weiterhelfen k\u00f6nnen.<\/p>\n<p>Die Heinrich-Grupe-Schule dankt den teilnehmenden Firmen sehr herzlich f\u00fcr ihr Engagement und ihre Teilnahme, die dem Caf\u00e9 Beruf jedes Mal aufs neue Leben einhauchen, eine Verbindung zwischen Schule und Arbeitswelt herstellen und eine wichtige Bereicherung f\u00fcr die Berufs- und Studienorientierung der HGS bedeuten.<\/p>\n<p>&nbsp;<\/p>\n<p>Jens Lautze<\/p>\n","protected":false},"excerpt":{"rendered":"<p>Grebenstein. Auch vor dem Caf\u00e9 Beruf machte die Corona-Pandemie nicht Halt. Zweimal musste die beliebte schulinterne Berufsinformationsmesse, die an der HGS traditionell im Fr\u00fchjahr und Herbst stattfindet, bereits ausfallen. Und auch im Fr\u00fchjahr 2021 war an eine Pr\u00e4senzveranstaltung im klassischen Sinne nicht zu denken. Kein pers\u00f6nlicher Austausch mit FirmenvertreterInnen in den Klassenr\u00e4umen, keine interessanten Unterhaltungen &hellip; <a href=\"https:\/\/altgsgrebenstein.de\/?p=13340\" class=\"more-link\"><span class=\"screen-reader-text\">Berufsorientierung digital &#8211; das Caf\u00e9 Beruf geht online<\/span> weiterlesen <span class=\"meta-nav\">&rarr;<\/span><\/a><\/p>\n","protected":false},"author":28,"featured_media":0,"comment_status":"closed","ping_status":"closed","sticky":false,"template":"","format":"standard","meta":{"saved_in_kubio":false,"footnotes":""},"categories":[33,34,36],"tags":[],"class_list":["post-13340","post","type-post","status-publish","format-standard","hentry","category-archiv","category-berufsorientierung","category-cafe-beruf"],"_links":{"self":[{"href":"https:\/\/altgsgrebenstein.de\/index.php?rest_route=\/wp\/v2\/posts\/13340","targetHints":{"allow":["GET"]}}],"collection":[{"href":"https:\/\/altgsgrebenstein.de\/index.php?rest_route=\/wp\/v2\/posts"}],"about":[{"href":"https:\/\/altgsgrebenstein.de\/index.php?rest_route=\/wp\/v2\/types\/post"}],"author":[{"embeddable":true,"href":"https:\/\/altgsgrebenstein.de\/index.php?rest_route=\/wp\/v2\/users\/28"}],"replies":[{"embeddable":true,"href":"https:\/\/altgsgrebenstein.de\/index.php?rest_route=%2Fwp%2Fv2%2Fcomments&post=13340"}],"version-history":[{"count":4,"href":"https:\/\/altgsgrebenstein.de\/index.php?rest_route=\/wp\/v2\/posts\/13340\/revisions"}],"predecessor-version":[{"id":13346,"href":"https:\/\/altgsgrebenstein.de\/index.php?rest_route=\/wp\/v2\/posts\/13340\/revisions\/13346"}],"wp:attachment":[{"href":"https:\/\/altgsgrebenstein.de\/index.php?rest_route=%2Fwp%2Fv2%2Fmedia&parent=13340"}],"wp:term":[{"taxonomy":"category","embeddable":true,"href":"https:\/\/altgsgrebenstein.de\/index.php?rest_route=%2Fwp%2Fv2%2Fcategories&post=13340"},{"taxonomy":"post_tag","embeddable":true,"href":"https:\/\/altgsgrebenstein.de\/index.php?rest_route=%2Fwp%2Fv2%2Ftags&post=13340"}],"curies":[{"name":"wp","href":"https:\/\/api.w.org\/{rel}","templated":true}]}}