{"id":13335,"date":"2021-05-07T18:15:58","date_gmt":"2021-05-07T17:15:58","guid":{"rendered":"http:\/\/altgsgrebenstein.de\/?p=13335"},"modified":"2021-10-11T08:19:17","modified_gmt":"2021-10-11T07:19:17","slug":"grosse-freude-zum-start-in-den-wechselunterricht","status":"publish","type":"post","link":"https:\/\/altgsgrebenstein.de\/?p=13335","title":{"rendered":"Gro\u00dfe Freude zum Start in den Wechselunterricht"},"content":{"rendered":"<p>Endlich war es soweit: Nach teilweise knapp f\u00fcnf Monaten durften heute die Sch\u00fclerinnen und Sch\u00fcler im Landkreis Kassel wieder in die Schule gehen. Gruppe A einer jeden Lerngruppe der HGS stand p\u00fcnktlich am verabredeten Abholplatz auf dem Schulhof um anschlie\u00dfend von der unterrichtenden Lehrkraft in den Klassenraum begleitet zu werden. Nach der Durchf\u00fchrung des ersten Selbsttests wurde noch viel aus den vergangenen Wochen und Monaten im Klassenplenum ausgetauscht bevor dann tats\u00e4chlich auch schon der Unterricht startete.<br \/>\nSchnell einig waren sich alle Anwesenden: Endlich wieder Schule, endlich wieder ein kleiner Schritt zur\u00fcck in die Normalit\u00e4t&#8230;<br \/>\nVielen Dank an alle, die den heutigen, ersehnten Start reibungslos und mit viel Fingerspitzengef\u00fchl begleitet haben! Wir freuen uns auf Gruppe B am Montag!<\/p>\n<p><img decoding=\"async\" class=\"alignnone wp-image-13337\" src=\"http:\/\/altgsgrebenstein.de\/wp-content\/uploads\/2021\/05\/IMG_3098-1-300x225.jpeg\" alt=\"\" width=\"424\" height=\"318\" srcset=\"https:\/\/altgsgrebenstein.de\/wp-content\/uploads\/2021\/05\/IMG_3098-1-300x225.jpeg 300w, https:\/\/altgsgrebenstein.de\/wp-content\/uploads\/2021\/05\/IMG_3098-1-1024x768.jpeg 1024w, https:\/\/altgsgrebenstein.de\/wp-content\/uploads\/2021\/05\/IMG_3098-1-768x576.jpeg 768w, https:\/\/altgsgrebenstein.de\/wp-content\/uploads\/2021\/05\/IMG_3098-1-1536x1152.jpeg 1536w, https:\/\/altgsgrebenstein.de\/wp-content\/uploads\/2021\/05\/IMG_3098-1-2048x1536.jpeg 2048w\" sizes=\"(max-width: 424px) 100vw, 424px\" \/><br \/>\nAusgabe der Testmaterialien im Mensanebenraum<\/p>\n<p>&nbsp;<\/p>\n","protected":false},"excerpt":{"rendered":"<p>Endlich war es soweit: Nach teilweise knapp f\u00fcnf Monaten durften heute die Sch\u00fclerinnen und Sch\u00fcler im Landkreis Kassel wieder in die Schule gehen. Gruppe A einer jeden Lerngruppe der HGS stand p\u00fcnktlich am verabredeten Abholplatz auf dem Schulhof um anschlie\u00dfend von der unterrichtenden Lehrkraft in den Klassenraum begleitet zu werden. Nach der Durchf\u00fchrung des ersten &hellip; <a href=\"https:\/\/altgsgrebenstein.de\/?p=13335\" class=\"more-link\"><span class=\"screen-reader-text\">Gro\u00dfe Freude zum Start in den Wechselunterricht<\/span> weiterlesen <span class=\"meta-nav\">&rarr;<\/span><\/a><\/p>\n","protected":false},"author":19,"featured_media":0,"comment_status":"closed","ping_status":"closed","sticky":false,"template":"","format":"standard","meta":{"saved_in_kubio":false,"footnotes":""},"categories":[33,1],"tags":[],"class_list":["post-13335","post","type-post","status-publish","format-standard","hentry","category-archiv","category-uncategorized"],"_links":{"self":[{"href":"https:\/\/altgsgrebenstein.de\/index.php?rest_route=\/wp\/v2\/posts\/13335","targetHints":{"allow":["GET"]}}],"collection":[{"href":"https:\/\/altgsgrebenstein.de\/index.php?rest_route=\/wp\/v2\/posts"}],"about":[{"href":"https:\/\/altgsgrebenstein.de\/index.php?rest_route=\/wp\/v2\/types\/post"}],"author":[{"embeddable":true,"href":"https:\/\/altgsgrebenstein.de\/index.php?rest_route=\/wp\/v2\/users\/19"}],"replies":[{"embeddable":true,"href":"https:\/\/altgsgrebenstein.de\/index.php?rest_route=%2Fwp%2Fv2%2Fcomments&post=13335"}],"version-history":[{"count":4,"href":"https:\/\/altgsgrebenstein.de\/index.php?rest_route=\/wp\/v2\/posts\/13335\/revisions"}],"predecessor-version":[{"id":13348,"href":"https:\/\/altgsgrebenstein.de\/index.php?rest_route=\/wp\/v2\/posts\/13335\/revisions\/13348"}],"wp:attachment":[{"href":"https:\/\/altgsgrebenstein.de\/index.php?rest_route=%2Fwp%2Fv2%2Fmedia&parent=13335"}],"wp:term":[{"taxonomy":"category","embeddable":true,"href":"https:\/\/altgsgrebenstein.de\/index.php?rest_route=%2Fwp%2Fv2%2Fcategories&post=13335"},{"taxonomy":"post_tag","embeddable":true,"href":"https:\/\/altgsgrebenstein.de\/index.php?rest_route=%2Fwp%2Fv2%2Ftags&post=13335"}],"curies":[{"name":"wp","href":"https:\/\/api.w.org\/{rel}","templated":true}]}}