{"id":13139,"date":"2021-03-13T11:39:10","date_gmt":"2021-03-13T10:39:10","guid":{"rendered":"http:\/\/altgsgrebenstein.de\/?p=13139"},"modified":"2021-10-11T08:19:18","modified_gmt":"2021-10-11T07:19:18","slug":"schueler-fragen-den-kultusminister-gut-dass-er-sich-die-zeit-genommen-hat","status":"publish","type":"post","link":"https:\/\/altgsgrebenstein.de\/?p=13139","title":{"rendered":"Sch\u00fcler fragen den Kultusminister &#8211; \u201eGut, dass er sich die Zeit genommen hat\u201c"},"content":{"rendered":"<p><strong>Grebenstein.<\/strong> Mit dem hessischen Kultusminister diskutieren, das ist nicht allt\u00e4glich. Sch\u00fclerinnen und Sch\u00fcler der Heinrich-Grupe-Schule hatten am vergangenen Donnerstag Gelegenheit dazu. W\u00e4hrend einer \u201eDoppelstunde mit dem Kultusminister\u201c stellten sie Fragen, die Prof. Dr. Alexander Lorz, zugeschaltet aus seinem Ministerb\u00fcro, beantwortete.<\/p>\n<figure id=\"attachment_13140\" aria-describedby=\"caption-attachment-13140\" style=\"width: 604px\" class=\"wp-caption aligncenter\"><img decoding=\"async\" class=\"size-large wp-image-13140\" src=\"http:\/\/altgsgrebenstein.de\/wp-content\/uploads\/2021\/03\/Image1-1024x612.jpg\" alt=\"\" width=\"604\" height=\"361\" srcset=\"https:\/\/altgsgrebenstein.de\/wp-content\/uploads\/2021\/03\/Image1-1024x612.jpg 1024w, https:\/\/altgsgrebenstein.de\/wp-content\/uploads\/2021\/03\/Image1-300x179.jpg 300w, https:\/\/altgsgrebenstein.de\/wp-content\/uploads\/2021\/03\/Image1-768x459.jpg 768w, https:\/\/altgsgrebenstein.de\/wp-content\/uploads\/2021\/03\/Image1-1536x918.jpg 1536w, https:\/\/altgsgrebenstein.de\/wp-content\/uploads\/2021\/03\/Image1.jpg 2032w\" sizes=\"(max-width: 604px) 100vw, 604px\" \/><figcaption id=\"caption-attachment-13140\" class=\"wp-caption-text\">Prof. Dr. Lorz im Gespr\u00e4ch mit der HGS (copyright: Hessisches Kultusministerium)<\/figcaption><\/figure>\n<p>Im vergangenen Jahr hatte das Kultusministerium diese noch junge Reihe ins Leben gerufen, um sich ein Bild vom Alltag w\u00e4hrend dieser besonderen Situation in den Schulen zu verschaffen. Martina Boye-Griesel, Schulleiterin der HGS, nutzte die Chance, sich daf\u00fcr zu bewerben und hatte Gl\u00fcck: Die HGS wurde ausgew\u00e4hlt, als hessenweit 3. Schule.<\/p>\n<p>Verschiedene Klassen und einzelne Sch\u00fcler beteiligten sich mit jeder Menge Fragen. Viele davon \u00e4hnelten sich und zeigten, welche Themen den Jugendlichen wichtig sind. Konzepte zum Wechselunterricht, zur Leistungsbewertung, zum L\u00fcften in den Schulen standen ebenso auf der Liste wie der Wunsch nach Informationen zur Durchf\u00fchrung von Klassenfahrten oder Praktika. Die Sch\u00fcler \u00e4u\u00dferten sich durchaus kritisch, wollten zum Beispiel wissen, warum die Schulen trotz steigender Fallzahlen erst im Dezember geschlossen wurden, warum es im Herbst keinen Wechselunterricht gegeben habe, wie die Teststrategie aussehen werde oder wie die Situation in den Schulbussen mit der geplanten Schul\u00f6ffnung entsch\u00e4rft werden k\u00f6nne.<\/p>\n<figure id=\"attachment_13142\" aria-describedby=\"caption-attachment-13142\" style=\"width: 604px\" class=\"wp-caption aligncenter\"><img decoding=\"async\" class=\"size-large wp-image-13142\" src=\"http:\/\/altgsgrebenstein.de\/wp-content\/uploads\/2021\/03\/IMG_6498-1024x683.jpg\" alt=\"\" width=\"604\" height=\"403\" srcset=\"https:\/\/altgsgrebenstein.de\/wp-content\/uploads\/2021\/03\/IMG_6498-1024x683.jpg 1024w, https:\/\/altgsgrebenstein.de\/wp-content\/uploads\/2021\/03\/IMG_6498-300x200.jpg 300w, https:\/\/altgsgrebenstein.de\/wp-content\/uploads\/2021\/03\/IMG_6498-768x512.jpg 768w, https:\/\/altgsgrebenstein.de\/wp-content\/uploads\/2021\/03\/IMG_6498-1536x1024.jpg 1536w, https:\/\/altgsgrebenstein.de\/wp-content\/uploads\/2021\/03\/IMG_6498-2048x1365.jpg 2048w\" sizes=\"(max-width: 604px) 100vw, 604px\" \/><figcaption id=\"caption-attachment-13142\" class=\"wp-caption-text\">Die Klasse R10b verfolgt die Videokonferenz<\/figcaption><\/figure>\n<p>Lorz beantwortete jede Frage ausf\u00fchrlich, ging dabei auf die Sch\u00fcler ein, warb um Verst\u00e4ndnis und verbreitete Optimismus. So stellte er in Aussicht, dass mit fortschreitenden Impfungen mehr Normalit\u00e4t einkehren werde und dass im kommenden Schuljahr eine R\u00fcckkehr zum gewohnten Unterricht denkbar sei, ebenso wie Klassenfahrten oder Praktika: \u201eF\u00fcr euch gibt es noch keinen Impfstoff, aber wenn genug Erwachsene geimpft sind, seid ihr auch gesch\u00fctzt und hoffentlich wird es f\u00fcr euch auch einen Impfstoff geben.\u201c Er dr\u00fcckte dabei seine Hoffnung aus, dass es nicht wieder zu Schulschlie\u00dfungen kommen solle, verwies aber auf die Unberechenbarkeit des Virus: \u201eWir sehen, dass das Infektionsgeschehen sehr unterschiedlich ist, wir brauchen die M\u00f6glichkeit, flexibel zu reagieren.\u201c Der Familienvater verdeutlichte, wie betroffen er selbst vor einem Jahr von der 1. Schlie\u00dfung der Schulen war: \u201eDas war f\u00fcr mich ein Schock, ich h\u00e4tte nie gedacht, dass ich so etwas machen muss.\u201c<\/p>\n<p><img decoding=\"async\" class=\"aligncenter wp-image-13158 size-large\" src=\"http:\/\/altgsgrebenstein.de\/wp-content\/uploads\/2021\/03\/IMG_0014-1024x768.jpg\" alt=\"\" width=\"604\" height=\"453\" srcset=\"https:\/\/altgsgrebenstein.de\/wp-content\/uploads\/2021\/03\/IMG_0014-1024x768.jpg 1024w, https:\/\/altgsgrebenstein.de\/wp-content\/uploads\/2021\/03\/IMG_0014-300x225.jpg 300w, https:\/\/altgsgrebenstein.de\/wp-content\/uploads\/2021\/03\/IMG_0014-768x576.jpg 768w, https:\/\/altgsgrebenstein.de\/wp-content\/uploads\/2021\/03\/IMG_0014-1536x1152.jpg 1536w, https:\/\/altgsgrebenstein.de\/wp-content\/uploads\/2021\/03\/IMG_0014-2048x1536.jpg 2048w\" sizes=\"(max-width: 604px) 100vw, 604px\" \/><\/p>\n<p>Humor kam trotz der ernsten Themen nicht zu kurz. Als Lauritz B\u00f6hm aus der G8b den Kultusminister zur Digitalisierung befragen wollte, bekam er keine Internetverbindung. Sein Mitsch\u00fcler Lion Rausch \u00fcbernahm und fragte, warum Menschen eine Marslandung beobachten k\u00f6nnen, Nordhessen aber immer noch nicht mit stabilem Internet ausgestattet sei. Deutschland habe noch keine Mond- oder Marslandung realisiert, reagierte Lorz daraufhin und schilderte, dass beim Thema Internet in Deutschland bislang gro\u00dfe Zur\u00fcckhaltung geherrscht habe. Dies \u00e4ndere sich jedoch gerade und er zeigte sich zuversichtlich, dass in n\u00e4chster Zukunft eine fl\u00e4chendeckende Versorgung nicht nur in Nordhessen zu erwarten sei.<\/p>\n<p><img decoding=\"async\" class=\"aligncenter size-large wp-image-13143\" src=\"http:\/\/altgsgrebenstein.de\/wp-content\/uploads\/2021\/03\/IMG_6506-1024x684.jpg\" alt=\"\" width=\"604\" height=\"403\" srcset=\"https:\/\/altgsgrebenstein.de\/wp-content\/uploads\/2021\/03\/IMG_6506-1024x684.jpg 1024w, https:\/\/altgsgrebenstein.de\/wp-content\/uploads\/2021\/03\/IMG_6506-300x200.jpg 300w, https:\/\/altgsgrebenstein.de\/wp-content\/uploads\/2021\/03\/IMG_6506-768x513.jpg 768w, https:\/\/altgsgrebenstein.de\/wp-content\/uploads\/2021\/03\/IMG_6506-1536x1025.jpg 1536w, https:\/\/altgsgrebenstein.de\/wp-content\/uploads\/2021\/03\/IMG_6506-2048x1367.jpg 2048w\" sizes=\"(max-width: 604px) 100vw, 604px\" \/><\/p>\n<p>Neben Fragen rund um Schule und Corona zeigte sich der S\u00fcdhesse auch offen f\u00fcr Privates. Einem Sch\u00fcler berichtete er, dass er in einem normalen Doppelhaus lebe und auch keinen Personenschutz habe.<\/p>\n<p>Die 90 Minuten vergingen zu schnell, einige Fragen konnten in der begrenzten Zeit nicht gestellt werden. Am Ende herrsche bei den Teilnehmern das Gef\u00fchl vor, ernst genommen worden zu sein. Bennet Braun aus der R10b \u201efand es gut, dass er sich die Zeit genommen hat. Auch wenn man selbst seine Frage nicht stellen konnte, war es interessant.\u201c<\/p>\n<p><img decoding=\"async\" class=\"aligncenter wp-image-13159 size-large\" src=\"http:\/\/altgsgrebenstein.de\/wp-content\/uploads\/2021\/03\/IMG_0017-1024x768.jpg\" alt=\"\" width=\"604\" height=\"453\" srcset=\"https:\/\/altgsgrebenstein.de\/wp-content\/uploads\/2021\/03\/IMG_0017-1024x768.jpg 1024w, https:\/\/altgsgrebenstein.de\/wp-content\/uploads\/2021\/03\/IMG_0017-300x225.jpg 300w, https:\/\/altgsgrebenstein.de\/wp-content\/uploads\/2021\/03\/IMG_0017-768x576.jpg 768w, https:\/\/altgsgrebenstein.de\/wp-content\/uploads\/2021\/03\/IMG_0017-1536x1152.jpg 1536w, https:\/\/altgsgrebenstein.de\/wp-content\/uploads\/2021\/03\/IMG_0017-2048x1536.jpg 2048w\" sizes=\"(max-width: 604px) 100vw, 604px\" \/><\/p>\n<p>Laut Pressestelle des Kultusministeriums werden die Beitr\u00e4ge ernst genommen und flie\u00dfen in die Arbeit der Beh\u00f6rde ein. Am Ende der Doppelstunde lud Schulleiterin Boye-Griesel den Kultusminister zum Ortstermin ein. Der 55-J\u00e4hrige versprach sein Kommen. Dann solle es auch die Gelegenheit zu weiteren Gespr\u00e4chen mit Sch\u00fclern geben.<\/p>\n<p><strong>Susann Adam <\/strong><\/p>\n","protected":false},"excerpt":{"rendered":"<p>Grebenstein. Mit dem hessischen Kultusminister diskutieren, das ist nicht allt\u00e4glich. Sch\u00fclerinnen und Sch\u00fcler der Heinrich-Grupe-Schule hatten am vergangenen Donnerstag Gelegenheit dazu. W\u00e4hrend einer \u201eDoppelstunde mit dem Kultusminister\u201c stellten sie Fragen, die Prof. Dr. Alexander Lorz, zugeschaltet aus seinem Ministerb\u00fcro, beantwortete. Im vergangenen Jahr hatte das Kultusministerium diese noch junge Reihe ins Leben gerufen, um sich &hellip; <a href=\"https:\/\/altgsgrebenstein.de\/?p=13139\" class=\"more-link\"><span class=\"screen-reader-text\">Sch\u00fcler fragen den Kultusminister &#8211; \u201eGut, dass er sich die Zeit genommen hat\u201c<\/span> weiterlesen <span class=\"meta-nav\">&rarr;<\/span><\/a><\/p>\n","protected":false},"author":28,"featured_media":0,"comment_status":"closed","ping_status":"closed","sticky":false,"template":"","format":"standard","meta":{"saved_in_kubio":false,"footnotes":""},"categories":[33,1],"tags":[],"class_list":["post-13139","post","type-post","status-publish","format-standard","hentry","category-archiv","category-uncategorized"],"_links":{"self":[{"href":"https:\/\/altgsgrebenstein.de\/index.php?rest_route=\/wp\/v2\/posts\/13139","targetHints":{"allow":["GET"]}}],"collection":[{"href":"https:\/\/altgsgrebenstein.de\/index.php?rest_route=\/wp\/v2\/posts"}],"about":[{"href":"https:\/\/altgsgrebenstein.de\/index.php?rest_route=\/wp\/v2\/types\/post"}],"author":[{"embeddable":true,"href":"https:\/\/altgsgrebenstein.de\/index.php?rest_route=\/wp\/v2\/users\/28"}],"replies":[{"embeddable":true,"href":"https:\/\/altgsgrebenstein.de\/index.php?rest_route=%2Fwp%2Fv2%2Fcomments&post=13139"}],"version-history":[{"count":4,"href":"https:\/\/altgsgrebenstein.de\/index.php?rest_route=\/wp\/v2\/posts\/13139\/revisions"}],"predecessor-version":[{"id":13161,"href":"https:\/\/altgsgrebenstein.de\/index.php?rest_route=\/wp\/v2\/posts\/13139\/revisions\/13161"}],"wp:attachment":[{"href":"https:\/\/altgsgrebenstein.de\/index.php?rest_route=%2Fwp%2Fv2%2Fmedia&parent=13139"}],"wp:term":[{"taxonomy":"category","embeddable":true,"href":"https:\/\/altgsgrebenstein.de\/index.php?rest_route=%2Fwp%2Fv2%2Fcategories&post=13139"},{"taxonomy":"post_tag","embeddable":true,"href":"https:\/\/altgsgrebenstein.de\/index.php?rest_route=%2Fwp%2Fv2%2Ftags&post=13139"}],"curies":[{"name":"wp","href":"https:\/\/api.w.org\/{rel}","templated":true}]}}