{"id":13069,"date":"2021-02-28T18:38:30","date_gmt":"2021-02-28T17:38:30","guid":{"rendered":"http:\/\/altgsgrebenstein.de\/?p=13069"},"modified":"2021-10-11T08:19:18","modified_gmt":"2021-10-11T07:19:18","slug":"gymnasialzweig-hat-neuen-leiter-dirk-weidmann-schule-weiterentwickeln-bewaehrtes-fortfuehren","status":"publish","type":"post","link":"https:\/\/altgsgrebenstein.de\/?p=13069","title":{"rendered":"Gymnasialzweig hat neuen Leiter: Dirk Weidmann &#8211; Schule weiterentwickeln, Bew\u00e4hrtes fortf\u00fchren"},"content":{"rendered":"<p><img decoding=\"async\" class=\"aligncenter wp-image-13070 size-large\" src=\"http:\/\/altgsgrebenstein.de\/wp-content\/uploads\/2021\/02\/IMG_6487-1024x684.jpg\" alt=\"\" width=\"604\" height=\"403\" srcset=\"https:\/\/altgsgrebenstein.de\/wp-content\/uploads\/2021\/02\/IMG_6487-1024x684.jpg 1024w, https:\/\/altgsgrebenstein.de\/wp-content\/uploads\/2021\/02\/IMG_6487-300x200.jpg 300w, https:\/\/altgsgrebenstein.de\/wp-content\/uploads\/2021\/02\/IMG_6487-768x513.jpg 768w, https:\/\/altgsgrebenstein.de\/wp-content\/uploads\/2021\/02\/IMG_6487-1536x1025.jpg 1536w, https:\/\/altgsgrebenstein.de\/wp-content\/uploads\/2021\/02\/IMG_6487-2048x1367.jpg 2048w\" sizes=\"(max-width: 604px) 100vw, 604px\" \/><\/p>\n<p><strong>Grebenstein.<\/strong> Er kennt die HGS wie kein Zweiter, war hier Sch\u00fcler, absolvierte sp\u00e4ter sein Referendariat in Grebenstein und arbeitet seitdem als Lehrer an \u201eseiner\u201c Schule. Nun wird er noch mehr bewirken und bewegen k\u00f6nnen, denn mit Dirk Weidmann erhielt der Gymnasialzweig der Gesamtschule einen neuen Leiter. Mit seiner Beauftragung, die im Januar erfolgte, ist das Team der Schulleitung wieder vollst\u00e4ndig.<\/p>\n<p>F\u00fcr den 36 J\u00e4hrigen bot sich mit der Bewerbung auf diese Funktionsstelle im Fr\u00fchjahr 2020 Jahren die Chance, Schule auf einer anderen Ebene gestalten zu k\u00f6nnen. Er habe Freude an der Weiterentwicklung und daran, Verantwortung zu \u00fcbernehmen. Daher habe er sich in der Vergangenheit unter anderem beim Thema Lernen im Ganztag engagiert. Nicht nur die freie Funktionsstelle, auch der Schulstandort haben ihn zu seiner Bewerbung motiviert: \u201eIch f\u00fchle mich an dieser Schule gut aufgehoben. Ich merke, dass ich akzeptiert werde und Vertrauen vorhanden ist.\u201c<\/p>\n<p>Gro\u00dfe Pl\u00e4ne skizziert der neue Zweigleiter momentan noch nicht und dies ist der Pandemie geschuldet: \u201eIm Moment ist es am wichtigsten, einen gesicherten Schulbetrieb zu gew\u00e4hrleisten.\u201c Zudem m\u00f6chte er die Verwaltungsabl\u00e4ufe gr\u00fcndlich kennenlernen, bevor er neue Projekte in Angriff nehme.<\/p>\n<p>Dazu geh\u00f6ren f\u00fcr ihn unbedingt die neuen Medien, die St\u00e4rkung der Medienkompetenz und die Individualisierung beim digitalen Lernen. Die inhaltliche Entwicklung solle in diesem Bereich \u00fcber den Gymnasialzweig hinausreichen.<\/p>\n<p>Den zahlenm\u00e4\u00dfig gr\u00f6\u00dften Schulzweig sieht Weidmann gut aufgestellt, vor allem an den Schnittstellen. \u201eIch war selbst abgeordnet an die benachbarte Grundschule und an die ASS in Hofgeismar und konnte dadurch die Strukturen dieser Schulen gut kennenlernen\u201c, bilanziert der Studienrat.<\/p>\n<p>Die \u00dcberg\u00e4nge von der Grundschule zur HGS und weiter zur Oberstufe sind ein wichtiger Baustein seiner Arbeit und die Entwicklung der Kinder in den Jahrg\u00e4ngen 5 und 6 sei so stark in Bewegung, dass die enge Zusammenarbeit mit F\u00f6rderstufenleiterin Bodden gro\u00dfe Bedeutung habe.<\/p>\n<p>Austausch, Feedback: F\u00fcr den Lehrer f\u00fcr Englisch und Latein sehr wichtig. \u201eIch m\u00f6chte, dass R\u00fcckmeldungen von Sch\u00fclern allt\u00e4glich werden und sich die Zufriedenheit von Sch\u00fclern und Lehrkr\u00e4ften erh\u00f6ht.\u201c<\/p>\n<p>Gro\u00dfes Augenmerk gilt Projekten wie dem bilingualen Angebot im Fach Geschichte. Neues soll Bew\u00e4hrtes erg\u00e4nzen und so kann sich Dirk Weidmann vorstellen, dass in Zukunft zum Beispiel Lesungen an der HGS stattfinden k\u00f6nnen. Neben neuen Ideen m\u00f6chte er bestehende Traditionen fortf\u00fchren und hier haben die Austausch- und Begegnungsfahrten einen hohen Stellenwert. Eine Erweiterung internationaler Begegnungen w\u00fcrde er sehr begr\u00fc\u00dfen, immerhin wei\u00df er um die gro\u00dfe Bedeutung solcher M\u00f6glichkeiten, hat er doch selbst nach seinem Studium ein Jahr zu Forschungszwecken in den USA verbracht.<\/p>\n<p>Mit Freude und Neugier tritt der Familienvater seine Funktion an und hat an sich selbst den Anspruch, immer in Bewegung und offen f\u00fcr Neues zu bleiben.<\/p>\n<p>&nbsp;<\/p>\n<p><em>Susann Adam<\/em><\/p>\n","protected":false},"excerpt":{"rendered":"<p>Grebenstein. Er kennt die HGS wie kein Zweiter, war hier Sch\u00fcler, absolvierte sp\u00e4ter sein Referendariat in Grebenstein und arbeitet seitdem als Lehrer an \u201eseiner\u201c Schule. Nun wird er noch mehr bewirken und bewegen k\u00f6nnen, denn mit Dirk Weidmann erhielt der Gymnasialzweig der Gesamtschule einen neuen Leiter. Mit seiner Beauftragung, die im Januar erfolgte, ist das &hellip; <a href=\"https:\/\/altgsgrebenstein.de\/?p=13069\" class=\"more-link\"><span class=\"screen-reader-text\">Gymnasialzweig hat neuen Leiter: Dirk Weidmann &#8211; Schule weiterentwickeln, Bew\u00e4hrtes fortf\u00fchren<\/span> weiterlesen <span class=\"meta-nav\">&rarr;<\/span><\/a><\/p>\n","protected":false},"author":28,"featured_media":0,"comment_status":"closed","ping_status":"closed","sticky":false,"template":"","format":"standard","meta":{"saved_in_kubio":false,"footnotes":""},"categories":[33,1],"tags":[],"class_list":["post-13069","post","type-post","status-publish","format-standard","hentry","category-archiv","category-uncategorized"],"_links":{"self":[{"href":"https:\/\/altgsgrebenstein.de\/index.php?rest_route=\/wp\/v2\/posts\/13069","targetHints":{"allow":["GET"]}}],"collection":[{"href":"https:\/\/altgsgrebenstein.de\/index.php?rest_route=\/wp\/v2\/posts"}],"about":[{"href":"https:\/\/altgsgrebenstein.de\/index.php?rest_route=\/wp\/v2\/types\/post"}],"author":[{"embeddable":true,"href":"https:\/\/altgsgrebenstein.de\/index.php?rest_route=\/wp\/v2\/users\/28"}],"replies":[{"embeddable":true,"href":"https:\/\/altgsgrebenstein.de\/index.php?rest_route=%2Fwp%2Fv2%2Fcomments&post=13069"}],"version-history":[{"count":1,"href":"https:\/\/altgsgrebenstein.de\/index.php?rest_route=\/wp\/v2\/posts\/13069\/revisions"}],"predecessor-version":[{"id":13071,"href":"https:\/\/altgsgrebenstein.de\/index.php?rest_route=\/wp\/v2\/posts\/13069\/revisions\/13071"}],"wp:attachment":[{"href":"https:\/\/altgsgrebenstein.de\/index.php?rest_route=%2Fwp%2Fv2%2Fmedia&parent=13069"}],"wp:term":[{"taxonomy":"category","embeddable":true,"href":"https:\/\/altgsgrebenstein.de\/index.php?rest_route=%2Fwp%2Fv2%2Fcategories&post=13069"},{"taxonomy":"post_tag","embeddable":true,"href":"https:\/\/altgsgrebenstein.de\/index.php?rest_route=%2Fwp%2Fv2%2Ftags&post=13069"}],"curies":[{"name":"wp","href":"https:\/\/api.w.org\/{rel}","templated":true}]}}