{"id":13031,"date":"2021-02-11T11:16:30","date_gmt":"2021-02-11T10:16:30","guid":{"rendered":"http:\/\/altgsgrebenstein.de\/?p=13031"},"modified":"2021-10-11T08:19:18","modified_gmt":"2021-10-11T07:19:18","slug":"leihgeraete-fuer-schueler-eingetroffen-handlich-robust-technisch-auf-dem-neuesten-stand","status":"publish","type":"post","link":"https:\/\/altgsgrebenstein.de\/?p=13031","title":{"rendered":"Leihger\u00e4te f\u00fcr Sch\u00fcler eingetroffen &#8211; Handlich, robust, technisch auf dem neuesten Stand"},"content":{"rendered":"<p><img decoding=\"async\" class=\"aligncenter wp-image-13032 size-large\" src=\"http:\/\/altgsgrebenstein.de\/wp-content\/uploads\/2021\/02\/IMG_6405-1024x683.jpg\" alt=\"\" width=\"604\" height=\"403\" srcset=\"https:\/\/altgsgrebenstein.de\/wp-content\/uploads\/2021\/02\/IMG_6405-1024x683.jpg 1024w, https:\/\/altgsgrebenstein.de\/wp-content\/uploads\/2021\/02\/IMG_6405-300x200.jpg 300w, https:\/\/altgsgrebenstein.de\/wp-content\/uploads\/2021\/02\/IMG_6405-768x512.jpg 768w, https:\/\/altgsgrebenstein.de\/wp-content\/uploads\/2021\/02\/IMG_6405-1536x1024.jpg 1536w, https:\/\/altgsgrebenstein.de\/wp-content\/uploads\/2021\/02\/IMG_6405-2048x1365.jpg 2048w\" sizes=\"(max-width: 604px) 100vw, 604px\" \/><\/p>\n<p><strong>Grebenstein.<\/strong> Am Ende ging alles sehr schnell: Seit Monaten war die politische Entscheidung bekannt, dass benachteiligten Sch\u00fclerinnen und Sch\u00fclern in Hessen digitale Endger\u00e4te zur Verf\u00fcgung gestellt werden sollen. Als diese im Januar bestellt worden waren, erfolgte die Auslieferung nur wenige Tage sp\u00e4ter.<\/p>\n<p>Die Heinrich-Grupe-Schule erhielt 61 iPads, deren Anschaffung aus dem \u201eSofortausstattungsprogramm des Schultr\u00e4gers\u201c erfolgte. Die neuen Ger\u00e4te sind kompatibel mit den bereits vorhandenen iPads, sodass eine gute Arbeit nicht nur im Distanzlernen m\u00f6glich wird. Schulleiterin Martina Boye-Griesel zeigte sich sehr froh \u00fcber die Lieferung, denn nun wird den betroffenen Sch\u00fclerinnen und Sch\u00fclern eine optimale Mitarbeit im Onlineunterricht erm\u00f6glicht. Wie wichtig dieses Angebot ist, zeigte sich schon darin, dass die Leih-Ger\u00e4te von vielen Familien unverz\u00fcglich abgeholt wurden. Immerhin ist nicht jede Familie in der Lage, jedem Kind ein iPad oder Laptop zur Verf\u00fcgung zu stellen.<\/p>\n<p>Handlich, robust und technisch auf dem neuesten Stand sind die Ger\u00e4te, mit denen Lernen noch mehr Spa\u00df machen sollte.<\/p>\n<p><em>Susann Adam<\/em><\/p>\n","protected":false},"excerpt":{"rendered":"<p>Grebenstein. Am Ende ging alles sehr schnell: Seit Monaten war die politische Entscheidung bekannt, dass benachteiligten Sch\u00fclerinnen und Sch\u00fclern in Hessen digitale Endger\u00e4te zur Verf\u00fcgung gestellt werden sollen. Als diese im Januar bestellt worden waren, erfolgte die Auslieferung nur wenige Tage sp\u00e4ter. Die Heinrich-Grupe-Schule erhielt 61 iPads, deren Anschaffung aus dem \u201eSofortausstattungsprogramm des Schultr\u00e4gers\u201c erfolgte. &hellip; <a href=\"https:\/\/altgsgrebenstein.de\/?p=13031\" class=\"more-link\"><span class=\"screen-reader-text\">Leihger\u00e4te f\u00fcr Sch\u00fcler eingetroffen &#8211; Handlich, robust, technisch auf dem neuesten Stand<\/span> weiterlesen <span class=\"meta-nav\">&rarr;<\/span><\/a><\/p>\n","protected":false},"author":28,"featured_media":0,"comment_status":"closed","ping_status":"closed","sticky":false,"template":"","format":"standard","meta":{"saved_in_kubio":false,"footnotes":""},"categories":[33,1],"tags":[],"class_list":["post-13031","post","type-post","status-publish","format-standard","hentry","category-archiv","category-uncategorized"],"_links":{"self":[{"href":"https:\/\/altgsgrebenstein.de\/index.php?rest_route=\/wp\/v2\/posts\/13031","targetHints":{"allow":["GET"]}}],"collection":[{"href":"https:\/\/altgsgrebenstein.de\/index.php?rest_route=\/wp\/v2\/posts"}],"about":[{"href":"https:\/\/altgsgrebenstein.de\/index.php?rest_route=\/wp\/v2\/types\/post"}],"author":[{"embeddable":true,"href":"https:\/\/altgsgrebenstein.de\/index.php?rest_route=\/wp\/v2\/users\/28"}],"replies":[{"embeddable":true,"href":"https:\/\/altgsgrebenstein.de\/index.php?rest_route=%2Fwp%2Fv2%2Fcomments&post=13031"}],"version-history":[{"count":2,"href":"https:\/\/altgsgrebenstein.de\/index.php?rest_route=\/wp\/v2\/posts\/13031\/revisions"}],"predecessor-version":[{"id":13034,"href":"https:\/\/altgsgrebenstein.de\/index.php?rest_route=\/wp\/v2\/posts\/13031\/revisions\/13034"}],"wp:attachment":[{"href":"https:\/\/altgsgrebenstein.de\/index.php?rest_route=%2Fwp%2Fv2%2Fmedia&parent=13031"}],"wp:term":[{"taxonomy":"category","embeddable":true,"href":"https:\/\/altgsgrebenstein.de\/index.php?rest_route=%2Fwp%2Fv2%2Fcategories&post=13031"},{"taxonomy":"post_tag","embeddable":true,"href":"https:\/\/altgsgrebenstein.de\/index.php?rest_route=%2Fwp%2Fv2%2Ftags&post=13031"}],"curies":[{"name":"wp","href":"https:\/\/api.w.org\/{rel}","templated":true}]}}