{"id":13016,"date":"2021-02-08T12:10:37","date_gmt":"2021-02-08T11:10:37","guid":{"rendered":"http:\/\/altgsgrebenstein.de\/?p=13016"},"modified":"2021-10-11T08:19:18","modified_gmt":"2021-10-11T07:19:18","slug":"weitere-aussetzung-des-praesenzunterrichts","status":"publish","type":"post","link":"https:\/\/altgsgrebenstein.de\/?p=13016","title":{"rendered":"Weitere Aussetzung des Pr\u00e4senzunterrichts"},"content":{"rendered":"<p>Aufgrund der anhaltend schwierigen Witterungsbedingungen wird der Pr\u00e4senzunterricht bis einschlie\u00dflich <strong>Freitag, den 12.02.2021<\/strong> ausgesetzt und in <strong>Distanzunterricht<\/strong> \u00fcberf\u00fchrt.<\/p>\n<p>Die <strong>Notbetreuung<\/strong> wird weiterhin angeboten. Die Klassenleitungen bzw. Co Klassenleitungen treten mit den Eltern der bereits angemeldeten SuS in Kontakt.<\/p>\n<p>Martina Boye-Griesel<br \/>\nSchulleiterin<br \/>\n11.02.2021<\/p>\n<p><img decoding=\"async\" class=\"alignnone size-medium wp-image-13020\" src=\"http:\/\/altgsgrebenstein.de\/wp-content\/uploads\/2021\/02\/IMG-1518-300x225.jpg\" alt=\"\" width=\"300\" height=\"225\" srcset=\"https:\/\/altgsgrebenstein.de\/wp-content\/uploads\/2021\/02\/IMG-1518-300x225.jpg 300w, https:\/\/altgsgrebenstein.de\/wp-content\/uploads\/2021\/02\/IMG-1518-1024x768.jpg 1024w, https:\/\/altgsgrebenstein.de\/wp-content\/uploads\/2021\/02\/IMG-1518-768x576.jpg 768w, https:\/\/altgsgrebenstein.de\/wp-content\/uploads\/2021\/02\/IMG-1518-1536x1152.jpg 1536w, https:\/\/altgsgrebenstein.de\/wp-content\/uploads\/2021\/02\/IMG-1518-2048x1536.jpg 2048w\" sizes=\"(max-width: 300px) 100vw, 300px\" \/><\/p>\n","protected":false},"excerpt":{"rendered":"<p>Aufgrund der anhaltend schwierigen Witterungsbedingungen wird der Pr\u00e4senzunterricht bis einschlie\u00dflich Freitag, den 12.02.2021 ausgesetzt und in Distanzunterricht \u00fcberf\u00fchrt. Die Notbetreuung wird weiterhin angeboten. Die Klassenleitungen bzw. Co Klassenleitungen treten mit den Eltern der bereits angemeldeten SuS in Kontakt. Martina Boye-Griesel Schulleiterin 11.02.2021<\/p>\n","protected":false},"author":19,"featured_media":13017,"comment_status":"closed","ping_status":"closed","sticky":false,"template":"","format":"standard","meta":{"saved_in_kubio":false,"footnotes":""},"categories":[33,1],"tags":[],"class_list":["post-13016","post","type-post","status-publish","format-standard","has-post-thumbnail","hentry","category-archiv","category-uncategorized"],"_links":{"self":[{"href":"https:\/\/altgsgrebenstein.de\/index.php?rest_route=\/wp\/v2\/posts\/13016","targetHints":{"allow":["GET"]}}],"collection":[{"href":"https:\/\/altgsgrebenstein.de\/index.php?rest_route=\/wp\/v2\/posts"}],"about":[{"href":"https:\/\/altgsgrebenstein.de\/index.php?rest_route=\/wp\/v2\/types\/post"}],"author":[{"embeddable":true,"href":"https:\/\/altgsgrebenstein.de\/index.php?rest_route=\/wp\/v2\/users\/19"}],"replies":[{"embeddable":true,"href":"https:\/\/altgsgrebenstein.de\/index.php?rest_route=%2Fwp%2Fv2%2Fcomments&post=13016"}],"version-history":[{"count":5,"href":"https:\/\/altgsgrebenstein.de\/index.php?rest_route=\/wp\/v2\/posts\/13016\/revisions"}],"predecessor-version":[{"id":13029,"href":"https:\/\/altgsgrebenstein.de\/index.php?rest_route=\/wp\/v2\/posts\/13016\/revisions\/13029"}],"wp:featuredmedia":[{"embeddable":true,"href":"https:\/\/altgsgrebenstein.de\/index.php?rest_route=\/wp\/v2\/media\/13017"}],"wp:attachment":[{"href":"https:\/\/altgsgrebenstein.de\/index.php?rest_route=%2Fwp%2Fv2%2Fmedia&parent=13016"}],"wp:term":[{"taxonomy":"category","embeddable":true,"href":"https:\/\/altgsgrebenstein.de\/index.php?rest_route=%2Fwp%2Fv2%2Fcategories&post=13016"},{"taxonomy":"post_tag","embeddable":true,"href":"https:\/\/altgsgrebenstein.de\/index.php?rest_route=%2Fwp%2Fv2%2Ftags&post=13016"}],"curies":[{"name":"wp","href":"https:\/\/api.w.org\/{rel}","templated":true}]}}