{"id":12953,"date":"2021-01-22T06:27:54","date_gmt":"2021-01-22T05:27:54","guid":{"rendered":"http:\/\/altgsgrebenstein.de\/?p=12953"},"modified":"2021-10-11T08:19:18","modified_gmt":"2021-10-11T07:19:18","slug":"ipads-fuer-den-hauptschulzweig-foerdern-soll-noch-leichter-werden","status":"publish","type":"post","link":"https:\/\/altgsgrebenstein.de\/?p=12953","title":{"rendered":"iPads f\u00fcr den Hauptschulzweig &#8211; F\u00f6rdern soll noch leichter werden"},"content":{"rendered":"<p><strong>Grebenstein.<\/strong> \u00dcber ein gro\u00dfz\u00fcgiges Weihnachtsgeschenk konnte sich Ende 2020 Jochen Feuring, Leiter des Hauptschulzweiges an der Heinrich-Grupe-Schule, freuen: Der F\u00f6rderverein der Schule erhielt 3500 Euro von einer auf Bildungsangebote spezialisierten Hofgeismarer Firma. Dieser Betrag kommt dem Hauptschulzweig direkt zugute, denn damit wird die Anschaffung von 10 iPads erm\u00f6glicht.<\/p>\n<p>Die Bedeutung dessen betont Feuring ausdr\u00fccklich: \u201eInsbesondere diesem Bildungsgang muss k\u00fcnftig eine besodere Aufmerksamkeit gelten, da gesellschafltiche Ver\u00e4nderungsprozesse und Umbr\u00fcche an dieser schulischen Nahtstelle besonders deutlich sichtbar werden.\u201c<\/p>\n<p><img decoding=\"async\" class=\"aligncenter wp-image-12954 size-large\" src=\"http:\/\/altgsgrebenstein.de\/wp-content\/uploads\/2021\/01\/IMG_6353-1024x683.jpg\" alt=\"\" width=\"604\" height=\"403\" srcset=\"https:\/\/altgsgrebenstein.de\/wp-content\/uploads\/2021\/01\/IMG_6353-1024x683.jpg 1024w, https:\/\/altgsgrebenstein.de\/wp-content\/uploads\/2021\/01\/IMG_6353-300x200.jpg 300w, https:\/\/altgsgrebenstein.de\/wp-content\/uploads\/2021\/01\/IMG_6353-768x512.jpg 768w, https:\/\/altgsgrebenstein.de\/wp-content\/uploads\/2021\/01\/IMG_6353-1536x1024.jpg 1536w, https:\/\/altgsgrebenstein.de\/wp-content\/uploads\/2021\/01\/IMG_6353-2048x1365.jpg 2048w\" sizes=\"(max-width: 604px) 100vw, 604px\" \/><\/p>\n<p>F\u00fcr den Einsatz der Ger\u00e4te sind verschiedene M\u00f6glichkeiten denkbar: So sollen Kinder, die Deutsch als Zweitsprache erlernen, ihre Sprachkenntnisse durch digitale Unterst\u00fctzung verbessern k\u00f6nnen. Ebenso ist die Nutzung durch Sch\u00fclerinnen und Sch\u00fcler mit verschiedenen F\u00f6rderschwerpunkten oder Jugendliche, die einen anderen Bildungsabschluss anstreben, m\u00f6glich. Dazu sollen auf den Pads spezielle Apps installiert werden, die das Lernen unterst\u00fctzen und erleichtern sollen, wie zum Beispiel W\u00f6rterb\u00fccher, Atlanten oder auch Lernprogramme.<\/p>\n<p><img decoding=\"async\" class=\"aligncenter size-medium wp-image-12955\" src=\"http:\/\/altgsgrebenstein.de\/wp-content\/uploads\/2021\/01\/Lars-Pfannkuche-Inhaber-von-manQ-225x300.jpg\" alt=\"\" width=\"225\" height=\"300\" srcset=\"https:\/\/altgsgrebenstein.de\/wp-content\/uploads\/2021\/01\/Lars-Pfannkuche-Inhaber-von-manQ-225x300.jpg 225w, https:\/\/altgsgrebenstein.de\/wp-content\/uploads\/2021\/01\/Lars-Pfannkuche-Inhaber-von-manQ-768x1025.jpg 768w, https:\/\/altgsgrebenstein.de\/wp-content\/uploads\/2021\/01\/Lars-Pfannkuche-Inhaber-von-manQ-1151x1536.jpg 1151w, https:\/\/altgsgrebenstein.de\/wp-content\/uploads\/2021\/01\/Lars-Pfannkuche-Inhaber-von-manQ-1535x2048.jpg 1535w, https:\/\/altgsgrebenstein.de\/wp-content\/uploads\/2021\/01\/Lars-Pfannkuche-Inhaber-von-manQ-scaled.jpg 1919w\" sizes=\"(max-width: 225px) 100vw, 225px\" \/><\/p>\n<p>Lars Pfannkuche, dessen Firma sich auf Angebote rund um digitales Lernen spezialisiert hat, konnte aufgrund der besonderen pandemischen Umst\u00e4nde seine Spende nicht pers\u00f6nlich \u00fcbergeben, freut sich jedoch, auf diese Weise den Prozess des digitalen Lernens unterst\u00fctzen zu k\u00f6nnen.<\/p>\n<p>Susann Adam<\/p>\n","protected":false},"excerpt":{"rendered":"<p>Grebenstein. \u00dcber ein gro\u00dfz\u00fcgiges Weihnachtsgeschenk konnte sich Ende 2020 Jochen Feuring, Leiter des Hauptschulzweiges an der Heinrich-Grupe-Schule, freuen: Der F\u00f6rderverein der Schule erhielt 3500 Euro von einer auf Bildungsangebote spezialisierten Hofgeismarer Firma. Dieser Betrag kommt dem Hauptschulzweig direkt zugute, denn damit wird die Anschaffung von 10 iPads erm\u00f6glicht. Die Bedeutung dessen betont Feuring ausdr\u00fccklich: \u201eInsbesondere &hellip; <a href=\"https:\/\/altgsgrebenstein.de\/?p=12953\" class=\"more-link\"><span class=\"screen-reader-text\">iPads f\u00fcr den Hauptschulzweig &#8211; F\u00f6rdern soll noch leichter werden<\/span> weiterlesen <span class=\"meta-nav\">&rarr;<\/span><\/a><\/p>\n","protected":false},"author":28,"featured_media":0,"comment_status":"closed","ping_status":"closed","sticky":false,"template":"","format":"standard","meta":{"saved_in_kubio":false,"footnotes":""},"categories":[33,1],"tags":[],"class_list":["post-12953","post","type-post","status-publish","format-standard","hentry","category-archiv","category-uncategorized"],"_links":{"self":[{"href":"https:\/\/altgsgrebenstein.de\/index.php?rest_route=\/wp\/v2\/posts\/12953","targetHints":{"allow":["GET"]}}],"collection":[{"href":"https:\/\/altgsgrebenstein.de\/index.php?rest_route=\/wp\/v2\/posts"}],"about":[{"href":"https:\/\/altgsgrebenstein.de\/index.php?rest_route=\/wp\/v2\/types\/post"}],"author":[{"embeddable":true,"href":"https:\/\/altgsgrebenstein.de\/index.php?rest_route=\/wp\/v2\/users\/28"}],"replies":[{"embeddable":true,"href":"https:\/\/altgsgrebenstein.de\/index.php?rest_route=%2Fwp%2Fv2%2Fcomments&post=12953"}],"version-history":[{"count":2,"href":"https:\/\/altgsgrebenstein.de\/index.php?rest_route=\/wp\/v2\/posts\/12953\/revisions"}],"predecessor-version":[{"id":12957,"href":"https:\/\/altgsgrebenstein.de\/index.php?rest_route=\/wp\/v2\/posts\/12953\/revisions\/12957"}],"wp:attachment":[{"href":"https:\/\/altgsgrebenstein.de\/index.php?rest_route=%2Fwp%2Fv2%2Fmedia&parent=12953"}],"wp:term":[{"taxonomy":"category","embeddable":true,"href":"https:\/\/altgsgrebenstein.de\/index.php?rest_route=%2Fwp%2Fv2%2Fcategories&post=12953"},{"taxonomy":"post_tag","embeddable":true,"href":"https:\/\/altgsgrebenstein.de\/index.php?rest_route=%2Fwp%2Fv2%2Ftags&post=12953"}],"curies":[{"name":"wp","href":"https:\/\/api.w.org\/{rel}","templated":true}]}}