{"id":12696,"date":"2020-12-17T18:16:58","date_gmt":"2020-12-17T17:16:58","guid":{"rendered":"http:\/\/altgsgrebenstein.de\/?p=12696"},"modified":"2021-10-11T08:19:52","modified_gmt":"2021-10-11T07:19:52","slug":"adventliches-aus-der-schuelerbibliothek","status":"publish","type":"post","link":"https:\/\/altgsgrebenstein.de\/?p=12696","title":{"rendered":"Adventliches aus der Sch\u00fclerbibliothek"},"content":{"rendered":"<p><strong>Grebenstein<\/strong>. Ein kleiner Weihnachtsgru\u00df aus der Bibliothek erreichte die f\u00fcnften Klassen der Heinrich-Grupe-Schule in dieser doch so anderen Vorweihnachtszeit. Ein literarischer Adventskalender, der den f\u00fcnften Klassen t\u00e4glich in Form einer kurzen Geschichte oder eines Gedichtes die Zeit bis Weihnachten verk\u00fcrzen sollte, wurde von Frau Melzer in der zweiten gro\u00dfen Pause vorgelesen. So begegneten die Sch\u00fclerinnen und Sch\u00fclern der Weihnachtsmaus, gingen mit Kobolden und Riesen auf Reisen und erforschten den Sinn von Weihnachten. Selbst die Tatsache, dass aus gegebenem Anlass nur drau\u00dfen und mit Maske und dicker Jacke zugeh\u00f6rt und vorgelesen werden konnte, hielt die Sch\u00fclerinnen und Sch\u00fcler nicht davon ab, in den Pausen zahlreich zu erscheinen.<\/p>\n<p><img decoding=\"async\" class=\"alignnone size-large wp-image-12697\" src=\"http:\/\/altgsgrebenstein.de\/wp-content\/uploads\/2020\/12\/IMG_4550-2-1024x683.jpg\" alt=\"\" width=\"604\" height=\"403\" srcset=\"https:\/\/altgsgrebenstein.de\/wp-content\/uploads\/2020\/12\/IMG_4550-2-1024x683.jpg 1024w, https:\/\/altgsgrebenstein.de\/wp-content\/uploads\/2020\/12\/IMG_4550-2-300x200.jpg 300w, https:\/\/altgsgrebenstein.de\/wp-content\/uploads\/2020\/12\/IMG_4550-2-768x512.jpg 768w, https:\/\/altgsgrebenstein.de\/wp-content\/uploads\/2020\/12\/IMG_4550-2-2048x1365.jpg 2048w\" sizes=\"(max-width: 604px) 100vw, 604px\" \/><\/p>\n<p>Erfreulich ist auch zu erw\u00e4hnen, dass die Sch\u00fclerbibliothek, die empfindlich durch das pl\u00f6tzlichen Ausscheiden der beliebten und kompetenten Christiane Henk-Lecke getroffen wurde, recht schnell einen \u00dcbergangsmodus f\u00fcr die vielen Leserinnen und Leser gefunden hat. Spontan haben sich mehrere Sch\u00fclerinnen aus der G9a zum t\u00e4glichen Bibliotheksdienst bereit erkl\u00e4rt. Im neuen Jahr sollen noch weitere Freiwillige aus der G8a hinzukommen.<\/p>\n<p><img decoding=\"async\" class=\"aligncenter size-large wp-image-12699\" src=\"http:\/\/altgsgrebenstein.de\/wp-content\/uploads\/2020\/12\/20201215_114301-1024x576.jpg\" alt=\"\" width=\"604\" height=\"340\" srcset=\"https:\/\/altgsgrebenstein.de\/wp-content\/uploads\/2020\/12\/20201215_114301-1024x576.jpg 1024w, https:\/\/altgsgrebenstein.de\/wp-content\/uploads\/2020\/12\/20201215_114301-300x169.jpg 300w, https:\/\/altgsgrebenstein.de\/wp-content\/uploads\/2020\/12\/20201215_114301-768x432.jpg 768w, https:\/\/altgsgrebenstein.de\/wp-content\/uploads\/2020\/12\/20201215_114301-2048x1152.jpg 2048w\" sizes=\"(max-width: 604px) 100vw, 604px\" \/><\/p>\n<p>Die Sch\u00fclerbibliothek sucht allerdings in der nahen Zukunft eine feste Kraft, die mit 12 Stunden die von der Vorg\u00e4ngerin gut gef\u00fchrte B\u00fccherei weiterf\u00fchrt.<\/p>\n<p><img decoding=\"async\" class=\"aligncenter size-large wp-image-12700\" src=\"http:\/\/altgsgrebenstein.de\/wp-content\/uploads\/2020\/12\/20201215_114238-1024x576.jpg\" alt=\"\" width=\"604\" height=\"340\" srcset=\"https:\/\/altgsgrebenstein.de\/wp-content\/uploads\/2020\/12\/20201215_114238-1024x576.jpg 1024w, https:\/\/altgsgrebenstein.de\/wp-content\/uploads\/2020\/12\/20201215_114238-300x169.jpg 300w, https:\/\/altgsgrebenstein.de\/wp-content\/uploads\/2020\/12\/20201215_114238-768x432.jpg 768w, https:\/\/altgsgrebenstein.de\/wp-content\/uploads\/2020\/12\/20201215_114238-2048x1152.jpg 2048w\" sizes=\"(max-width: 604px) 100vw, 604px\" \/><\/p>\n","protected":false},"excerpt":{"rendered":"<p>Grebenstein. Ein kleiner Weihnachtsgru\u00df aus der Bibliothek erreichte die f\u00fcnften Klassen der Heinrich-Grupe-Schule in dieser doch so anderen Vorweihnachtszeit. Ein literarischer Adventskalender, der den f\u00fcnften Klassen t\u00e4glich in Form einer kurzen Geschichte oder eines Gedichtes die Zeit bis Weihnachten verk\u00fcrzen sollte, wurde von Frau Melzer in der zweiten gro\u00dfen Pause vorgelesen. So begegneten die Sch\u00fclerinnen &hellip; <a href=\"https:\/\/altgsgrebenstein.de\/?p=12696\" class=\"more-link\"><span class=\"screen-reader-text\">Adventliches aus der Sch\u00fclerbibliothek<\/span> weiterlesen <span class=\"meta-nav\">&rarr;<\/span><\/a><\/p>\n","protected":false},"author":26,"featured_media":0,"comment_status":"closed","ping_status":"closed","sticky":false,"template":"","format":"standard","meta":{"saved_in_kubio":false,"footnotes":""},"categories":[33,35],"tags":[],"class_list":["post-12696","post","type-post","status-publish","format-standard","hentry","category-archiv","category-buecherei"],"_links":{"self":[{"href":"https:\/\/altgsgrebenstein.de\/index.php?rest_route=\/wp\/v2\/posts\/12696","targetHints":{"allow":["GET"]}}],"collection":[{"href":"https:\/\/altgsgrebenstein.de\/index.php?rest_route=\/wp\/v2\/posts"}],"about":[{"href":"https:\/\/altgsgrebenstein.de\/index.php?rest_route=\/wp\/v2\/types\/post"}],"author":[{"embeddable":true,"href":"https:\/\/altgsgrebenstein.de\/index.php?rest_route=\/wp\/v2\/users\/26"}],"replies":[{"embeddable":true,"href":"https:\/\/altgsgrebenstein.de\/index.php?rest_route=%2Fwp%2Fv2%2Fcomments&post=12696"}],"version-history":[{"count":2,"href":"https:\/\/altgsgrebenstein.de\/index.php?rest_route=\/wp\/v2\/posts\/12696\/revisions"}],"predecessor-version":[{"id":12702,"href":"https:\/\/altgsgrebenstein.de\/index.php?rest_route=\/wp\/v2\/posts\/12696\/revisions\/12702"}],"wp:attachment":[{"href":"https:\/\/altgsgrebenstein.de\/index.php?rest_route=%2Fwp%2Fv2%2Fmedia&parent=12696"}],"wp:term":[{"taxonomy":"category","embeddable":true,"href":"https:\/\/altgsgrebenstein.de\/index.php?rest_route=%2Fwp%2Fv2%2Fcategories&post=12696"},{"taxonomy":"post_tag","embeddable":true,"href":"https:\/\/altgsgrebenstein.de\/index.php?rest_route=%2Fwp%2Fv2%2Ftags&post=12696"}],"curies":[{"name":"wp","href":"https:\/\/api.w.org\/{rel}","templated":true}]}}