{"id":11631,"date":"2020-12-02T20:39:26","date_gmt":"2020-12-02T19:39:26","guid":{"rendered":"https:\/\/www.gsgrebenstein.net\/wordpress\/?p=11430"},"modified":"2021-10-11T08:19:52","modified_gmt":"2021-10-11T07:19:52","slug":"ein-erfolgreiches-gemeinschaftsprojekt-trotz-corona-das-schulradeln","status":"publish","type":"post","link":"https:\/\/altgsgrebenstein.de\/?p=11631","title":{"rendered":"\u201eEin erfolgreiches Gemeinschaftsprojekt trotz Corona &#8211; das Schulradeln\u201c"},"content":{"rendered":"<p>Kurz vor der Deadline des diesj\u00e4hrigen Schulradelns entstand nochmals eine Eigendynamik. Jede\/r Verantwortliche\/r f\u00fcr die jeweiligen Klassen sammelte eifrig die letzten gefahrenen Kilometer und trug diese im Onlinesystem ein. Am Ende stand das \u00fcberragende Ergebnis: Die RadlerInnen der Heinrich-Grupe-Schule erreichten 14.713 Kilometer &#8211; ein Wahnsinnsergebnis! Zum Vergleich: Im letzten Jahr fuhr die HGS insgesamt 5.796 Kilometer ein.<a href=\"http:\/\/altgsgrebenstein.de\/wp-content\/uploads\/2020\/12\/IMG_1329.jpg\"><img decoding=\"async\" class=\"aligncenter size-medium wp-image-12715\" src=\"http:\/\/altgsgrebenstein.de\/wp-content\/uploads\/2020\/12\/IMG_1329-225x300.jpg\" alt=\"\" width=\"225\" height=\"300\" srcset=\"https:\/\/altgsgrebenstein.de\/wp-content\/uploads\/2020\/12\/IMG_1329-225x300.jpg 225w, https:\/\/altgsgrebenstein.de\/wp-content\/uploads\/2020\/12\/IMG_1329-768x1024.jpg 768w, https:\/\/altgsgrebenstein.de\/wp-content\/uploads\/2020\/12\/IMG_1329-1152x1536.jpg 1152w, https:\/\/altgsgrebenstein.de\/wp-content\/uploads\/2020\/12\/IMG_1329.jpg 1440w\" sizes=\"(max-width: 225px) 100vw, 225px\" \/><\/a>Max Rohde fuhr insgesamt 352 Kilometer und ist somit &#8222;Schulsieger&#8220; des diesj\u00e4hrigen Schulradelns!<\/p>\n<p><!--more--><\/p>\n<p>W\u00e4hrend der letztj\u00e4hrigen Siegerehrung an der HGS formulierte Organisator Robin G\u00f6ring das ehrgeizige Ziel, 10.000 Kilometer zu \u201eerradeln&#8220; und mindestens 100 TeilnehmerInnen f\u00fcr das Radeln zu begeistern. Das dieser Wert mit den gefahrenen Kilometern um fast 5000 Kilometer \u00fcberschritten und insgesamt 221 Radelnden erreicht wurden, zeigt, dass das Schulradeln an der HGS ein weiterhin zukunftsf\u00e4higes Projekt bleibt!<\/p>\n<p>Insbesondere in der gegenw\u00e4rtigen Zeit, in der das Abstandhalten eine hohe Bedeutung hat und somit ein solch gro\u00dfes Gemeinschaftsprojekt kaum m\u00f6glich ist, bot das Schulradeln ein tolles, HGS komplett umfassendes Projekt, an der jede und jeder teilnehmen konnte &#8211; trotz der derzeitigen Pandemie.<\/p>\n<p>Zudem sparte die HGS insgesamt 2.163 kg CO<sup>2 <\/sup>, auch dies stellt einen nicht zu vernachl\u00e4ssigenden Aspekt dar, denn durch dieses gro\u00dffl\u00e4chig angelegte Projekt, an dem insgesamt 198 Schulen in Hessen und Mainz teilnahmen, wird die Umwelt geschont und die Folgen thematisiert.<\/p>\n<p>In diesem Jahr gewann den schulinternen Wettbewerb Max Rohde aus der Klasse R8a von Herrn G\u00f6ring, der im Aktionszeitraum insgesamt 352 Kilometer zur\u00fccklegte. Max nutzte das zum Teil gute Wetter und fuhr mehrfach seinen Schulweg zwischen Hofgeismar und Grebenstein sowie in seiner Freizeit h\u00e4ufiger bis nach Calden. Herzlichen Gl\u00fcckwunsch, Max, eine super Leistung und sch\u00f6n, dass du das Radeln in dieser Form nutzt!<\/p>\n<p>Die Klasse mit den meisten gefahrenen Kilometern stellte die Klasse G6a Herrn Gamischs, die insgesamt 2288,50 Kilometer zur\u00fccklegte und somit einen gro\u00dfen Anteil an den insgesamt gefahrenen Kilometern der HGS hatte! Herzlichen Gl\u00fcckwunsch!<\/p>\n<p>Auch im kommenden Jahr wird die HGS gemeinsam mit der Stadt Grebenstein am Schulradeln teilnehmen, denn dieses Jahr zeigte, dass trotz der Corona-Einschr\u00e4nkungen eine Fahrradkultur an der HGS entsteht und das Miteinander gest\u00e4rkt wird. Daher lautet das bescheidene Ziel f\u00fcr das n\u00e4chste Jahr: \u201eGesund bleiben und radeln!\u201c<\/p>\n","protected":false},"excerpt":{"rendered":"<p>Kurz vor der Deadline des diesj\u00e4hrigen Schulradelns entstand nochmals eine Eigendynamik. Jede\/r Verantwortliche\/r f\u00fcr die jeweiligen Klassen sammelte eifrig die letzten gefahrenen Kilometer und trug diese im Onlinesystem ein. Am Ende stand das \u00fcberragende Ergebnis: Die RadlerInnen der Heinrich-Grupe-Schule erreichten 14.713 Kilometer &#8211; ein Wahnsinnsergebnis! Zum Vergleich: Im letzten Jahr fuhr die HGS insgesamt 5.796 &hellip; <a href=\"https:\/\/altgsgrebenstein.de\/?p=11631\" class=\"more-link\"><span class=\"screen-reader-text\">\u201eEin erfolgreiches Gemeinschaftsprojekt trotz Corona &#8211; das Schulradeln\u201c<\/span> weiterlesen <span class=\"meta-nav\">&rarr;<\/span><\/a><\/p>\n","protected":false},"author":20,"featured_media":0,"comment_status":"closed","ping_status":"closed","sticky":false,"template":"","format":"standard","meta":{"saved_in_kubio":false,"footnotes":""},"categories":[33,68],"tags":[],"class_list":["post-11631","post","type-post","status-publish","format-standard","hentry","category-archiv","category-sport"],"_links":{"self":[{"href":"https:\/\/altgsgrebenstein.de\/index.php?rest_route=\/wp\/v2\/posts\/11631","targetHints":{"allow":["GET"]}}],"collection":[{"href":"https:\/\/altgsgrebenstein.de\/index.php?rest_route=\/wp\/v2\/posts"}],"about":[{"href":"https:\/\/altgsgrebenstein.de\/index.php?rest_route=\/wp\/v2\/types\/post"}],"author":[{"embeddable":true,"href":"https:\/\/altgsgrebenstein.de\/index.php?rest_route=\/wp\/v2\/users\/20"}],"replies":[{"embeddable":true,"href":"https:\/\/altgsgrebenstein.de\/index.php?rest_route=%2Fwp%2Fv2%2Fcomments&post=11631"}],"version-history":[{"count":2,"href":"https:\/\/altgsgrebenstein.de\/index.php?rest_route=\/wp\/v2\/posts\/11631\/revisions"}],"predecessor-version":[{"id":12716,"href":"https:\/\/altgsgrebenstein.de\/index.php?rest_route=\/wp\/v2\/posts\/11631\/revisions\/12716"}],"wp:attachment":[{"href":"https:\/\/altgsgrebenstein.de\/index.php?rest_route=%2Fwp%2Fv2%2Fmedia&parent=11631"}],"wp:term":[{"taxonomy":"category","embeddable":true,"href":"https:\/\/altgsgrebenstein.de\/index.php?rest_route=%2Fwp%2Fv2%2Fcategories&post=11631"},{"taxonomy":"post_tag","embeddable":true,"href":"https:\/\/altgsgrebenstein.de\/index.php?rest_route=%2Fwp%2Fv2%2Ftags&post=11631"}],"curies":[{"name":"wp","href":"https:\/\/api.w.org\/{rel}","templated":true}]}}