{"id":11627,"date":"2020-11-22T17:44:20","date_gmt":"2020-11-22T16:44:20","guid":{"rendered":"https:\/\/www.gsgrebenstein.net\/wordpress\/?p=11368"},"modified":"2021-10-11T08:19:52","modified_gmt":"2021-10-11T07:19:52","slug":"weihnachten-im-schuhkarton-die-freude-am-teilen","status":"publish","type":"post","link":"https:\/\/altgsgrebenstein.de\/?p=11627","title":{"rendered":"\u201eWeihnachten im Schuhkarton\u201c &#8211; Die Freude am Teilen"},"content":{"rendered":"<p><strong>Grebenstein.<\/strong> Mit einem vollen Kofferraum unterwegs zu sein, ist f\u00fcr Stefanie Kurzenknabe nichts Ungew\u00f6hnliches. Diese Fracht, die sie im November transportierte, war es aber schon. 23 weihnachtlich verzierte Pakete hatte sie im Kofferraum ihres Autos gestapelt, die eine lange Reise antreten sollten.<\/p>\n<p>An der Aktion \u201eWeihnachten im Schuhkarton\u201c nahmen in der Vergangenheit bereits wiederholt Klassen der Heinrich-Grupe-Schule teil. Das Coronajahr 2020 stellte dennoch eine Besonderheit dar. In einer Zeit, in der viele Menschen einer ungewissen Zukunft entgegensehen, liegt die Vermutung nahe, dass die Hilfs- und Spendenbereitschaft weniger ausgepr\u00e4gt sein k\u00f6nnte.<\/p>\n<p><a href=\"http:\/\/altgsgrebenstein.de\/wp-content\/uploads\/2020\/11\/schuhkarton1-scaled.jpg\"><img decoding=\"async\" class=\"aligncenter size-medium wp-image-12721\" src=\"http:\/\/altgsgrebenstein.de\/wp-content\/uploads\/2020\/11\/schuhkarton1-300x225.jpg\" alt=\"\" width=\"300\" height=\"225\" srcset=\"https:\/\/altgsgrebenstein.de\/wp-content\/uploads\/2020\/11\/schuhkarton1-300x225.jpg 300w, https:\/\/altgsgrebenstein.de\/wp-content\/uploads\/2020\/11\/schuhkarton1-1024x768.jpg 1024w, https:\/\/altgsgrebenstein.de\/wp-content\/uploads\/2020\/11\/schuhkarton1-768x576.jpg 768w, https:\/\/altgsgrebenstein.de\/wp-content\/uploads\/2020\/11\/schuhkarton1-1536x1152.jpg 1536w, https:\/\/altgsgrebenstein.de\/wp-content\/uploads\/2020\/11\/schuhkarton1-2048x1536.jpg 2048w\" sizes=\"(max-width: 300px) 100vw, 300px\" \/><\/a><\/p>\n<p>Dennoch: Im Vergleich zur Situation in vielen anderen L\u00e4ndern geht es den Menschen in Deutschland gut. Auch dieser Aspekt spielte eine Rolle f\u00fcr Religionslehrerin Kurzenknabe. Im Unterricht sprach sie mit den Sch\u00fclern \u00fcber die Themen Teilen und N\u00e4chstenliebe und daraus sei die Idee entstanden, die Theorie mit der Praxis zu verkn\u00fcpfen. Alle f\u00fcnf Klassen, in denen die stellvertretende Schulleiterin das Fach unterrichtet, beteiligten sich daran; die positive Resonanz habe sie sehr ber\u00fchrt. Am Anfang standen dabei \u00dcberlegungen, f\u00fcr wen die P\u00e4ckchen gepackt werden sollten. Inhaltlich seien drei Schwerpunkte vorgegeben, n\u00e4mlich jeweils ein Spielzeug, Schulmaterial und Hygieneartikel. Ausw\u00e4hlen konnten die Sch\u00fcler, ob sie ihre Gaben f\u00fcr Jungen oder M\u00e4dchen schenken und sie konnten sich auch f\u00fcr eine Altersklasse entscheiden. \u201eDie meisten Sch\u00fcler entschieden sich f\u00fcr die Altersklasse 5 bis 9 Jahre\u201c, so Kurzenknabe. \u201eSie hatten ganz tolle Ideen und ich bin beeindruckt, wie \u00fcberlegt sie vorgegangen sind.\u201c Bedingung war allerdings, dass die Waren neuwertig sind. So packten die Sch\u00fcler Alltagsmasken in die P\u00e4ckchen und kauften S\u00fc\u00dfigkeiten ohne Gelatine, damit die Empf\u00e4nger unabh\u00e4ngig von ihrer Religion die Geschenke genie\u00dfen k\u00f6nnen. Auch Schulmaterial ohne sprachliche Bindung sei gekauft worden.<\/p>\n<p>\u201eDie Freude, jemand anderen zu beschenken, war sehr ausgepr\u00e4gt und r\u00fchrend\u201c, bilanzierte die P\u00e4dagogin. Dies habe sich auch in der Gestaltung der P\u00e4ckchen gezeigt, die in festliches Papier gewickelt worden seien, um schon \u00e4u\u00dferlich Freude zu bereiten. \u201eDie Kinder haben sich im Lauf der Aktion abgesprochen und ihre P\u00e4ckchen teilweise in Gruppen zusammengestellt, das Besorgen des Inhalts unter sich aufgeteilt und sich zum Basteln getroffen.\u201c<\/p>\n<p><a href=\"http:\/\/altgsgrebenstein.de\/wp-content\/uploads\/2020\/11\/schuhkarton2-scaled.jpg\"><img decoding=\"async\" class=\"aligncenter size-medium wp-image-12722\" src=\"http:\/\/altgsgrebenstein.de\/wp-content\/uploads\/2020\/11\/schuhkarton2-300x200.jpg\" alt=\"\" width=\"300\" height=\"200\" srcset=\"https:\/\/altgsgrebenstein.de\/wp-content\/uploads\/2020\/11\/schuhkarton2-300x200.jpg 300w, https:\/\/altgsgrebenstein.de\/wp-content\/uploads\/2020\/11\/schuhkarton2-1024x684.jpg 1024w, https:\/\/altgsgrebenstein.de\/wp-content\/uploads\/2020\/11\/schuhkarton2-768x513.jpg 768w, https:\/\/altgsgrebenstein.de\/wp-content\/uploads\/2020\/11\/schuhkarton2-1536x1025.jpg 1536w, https:\/\/altgsgrebenstein.de\/wp-content\/uploads\/2020\/11\/schuhkarton2-2048x1367.jpg 2048w\" sizes=\"(max-width: 300px) 100vw, 300px\" \/><\/a><\/p>\n<p>Die wertvolle Fracht lieferte Stefanie Kurzenknabe bei einem Grebensteiner Einzelh\u00e4ndler ab, der dieses Jahr als Sammelstelle f\u00fcr die Schuhkartons fungierte, die anschlie\u00dfend ihre Reise antraten, um Kinder in der Welt gl\u00fccklich zu machen.<\/p>\n","protected":false},"excerpt":{"rendered":"<p>Grebenstein. Mit einem vollen Kofferraum unterwegs zu sein, ist f\u00fcr Stefanie Kurzenknabe nichts Ungew\u00f6hnliches. Diese Fracht, die sie im November transportierte, war es aber schon. 23 weihnachtlich verzierte Pakete hatte sie im Kofferraum ihres Autos gestapelt, die eine lange Reise antreten sollten. An der Aktion \u201eWeihnachten im Schuhkarton\u201c nahmen in der Vergangenheit bereits wiederholt Klassen &hellip; <a href=\"https:\/\/altgsgrebenstein.de\/?p=11627\" class=\"more-link\"><span class=\"screen-reader-text\">\u201eWeihnachten im Schuhkarton\u201c &#8211; Die Freude am Teilen<\/span> weiterlesen <span class=\"meta-nav\">&rarr;<\/span><\/a><\/p>\n","protected":false},"author":12,"featured_media":0,"comment_status":"closed","ping_status":"closed","sticky":false,"template":"","format":"standard","meta":{"saved_in_kubio":false,"footnotes":""},"categories":[33,65],"tags":[],"class_list":["post-11627","post","type-post","status-publish","format-standard","hentry","category-archiv","category-religion"],"_links":{"self":[{"href":"https:\/\/altgsgrebenstein.de\/index.php?rest_route=\/wp\/v2\/posts\/11627","targetHints":{"allow":["GET"]}}],"collection":[{"href":"https:\/\/altgsgrebenstein.de\/index.php?rest_route=\/wp\/v2\/posts"}],"about":[{"href":"https:\/\/altgsgrebenstein.de\/index.php?rest_route=\/wp\/v2\/types\/post"}],"author":[{"embeddable":true,"href":"https:\/\/altgsgrebenstein.de\/index.php?rest_route=\/wp\/v2\/users\/12"}],"replies":[{"embeddable":true,"href":"https:\/\/altgsgrebenstein.de\/index.php?rest_route=%2Fwp%2Fv2%2Fcomments&post=11627"}],"version-history":[{"count":3,"href":"https:\/\/altgsgrebenstein.de\/index.php?rest_route=\/wp\/v2\/posts\/11627\/revisions"}],"predecessor-version":[{"id":12723,"href":"https:\/\/altgsgrebenstein.de\/index.php?rest_route=\/wp\/v2\/posts\/11627\/revisions\/12723"}],"wp:attachment":[{"href":"https:\/\/altgsgrebenstein.de\/index.php?rest_route=%2Fwp%2Fv2%2Fmedia&parent=11627"}],"wp:term":[{"taxonomy":"category","embeddable":true,"href":"https:\/\/altgsgrebenstein.de\/index.php?rest_route=%2Fwp%2Fv2%2Fcategories&post=11627"},{"taxonomy":"post_tag","embeddable":true,"href":"https:\/\/altgsgrebenstein.de\/index.php?rest_route=%2Fwp%2Fv2%2Ftags&post=11627"}],"curies":[{"name":"wp","href":"https:\/\/api.w.org\/{rel}","templated":true}]}}