{"id":10972,"date":"2020-08-19T13:57:36","date_gmt":"2020-08-19T12:57:36","guid":{"rendered":"https:\/\/www.gsgrebenstein.net\/wordpress\/?p=10972"},"modified":"2021-10-11T08:19:52","modified_gmt":"2021-10-11T07:19:52","slug":"ein-luftballon-auf-reisen","status":"publish","type":"post","link":"https:\/\/altgsgrebenstein.de\/?p=10972","title":{"rendered":"Ein Luftballon auf Reisen"},"content":{"rendered":"<p><strong>Grebenstein.\u00a0<\/strong>Nachdem im Rahmen der Einschulungsfeier zahlreiche Luftballons, best\u00fcckt mit Wunschkarten der neuen F\u00fcnftkl\u00e4ssler in den Himmel geschickt wurden, erreichte zwei Tage sp\u00e4ter folgende Nachricht inkl. Foto einer Spazierg\u00e4ngerin die Heinrich-Grupe-Schule:<\/p>\n<p>&#8222;<em>Auf dem Weg von Martfeld nach Hoya, heute abend, habe ich ihn weit auf einem Feld gesichtet&#8230;etwa H\u00f6he der Windr\u00e4der&#8230;auf dem R\u00fcckweg bin ich angehalten&#8230;<\/em><\/p>\n<p><a href=\"http:\/\/altgsgrebenstein.de\/wp-content\/uploads\/2020\/08\/20200819_132822-1.jpg\"><img decoding=\"async\" class=\"aligncenter size-medium wp-image-12729\" src=\"http:\/\/altgsgrebenstein.de\/wp-content\/uploads\/2020\/08\/20200819_132822-1-256x300.jpg\" alt=\"\" width=\"256\" height=\"300\" srcset=\"https:\/\/altgsgrebenstein.de\/wp-content\/uploads\/2020\/08\/20200819_132822-1-256x300.jpg 256w, https:\/\/altgsgrebenstein.de\/wp-content\/uploads\/2020\/08\/20200819_132822-1.jpg 713w\" sizes=\"(max-width: 256px) 100vw, 256px\" \/><\/a><\/p>\n<p><em>Barfu\u00df bei Regen \u00fcber ein matschiges und lehmiges Feld laufen&#8230;wow&#8230;das hab ich bestimmt 35 Jahre nicht mehr gemacht. Aber ich wollte schon immer mal einen Ballon mit Zettel dran finden&#8230;&#8220;<\/em><\/p>\n<p>Somit hat der Ballon mit dem Wunsch &#8222;Neue Freunde&#8220; stolze 150 km Luftlinie zur\u00fcckgelegt, ehe er auf einem Feld in Niedersachsen gelandet ist.<\/p>\n<p>Freunde zu haben und neue zu finden ist ein sehr sch\u00f6ner Wunsch, der nach diesem erfolgreichen Fund sicher umso mehr in Erf\u00fcllung gehen wird!<\/p>\n","protected":false},"excerpt":{"rendered":"<p>Grebenstein.\u00a0Nachdem im Rahmen der Einschulungsfeier zahlreiche Luftballons, best\u00fcckt mit Wunschkarten der neuen F\u00fcnftkl\u00e4ssler in den Himmel geschickt wurden, erreichte zwei Tage sp\u00e4ter folgende Nachricht inkl. Foto einer Spazierg\u00e4ngerin die Heinrich-Grupe-Schule: &#8222;Auf dem Weg von Martfeld nach Hoya, heute abend, habe ich ihn weit auf einem Feld gesichtet&#8230;etwa H\u00f6he der Windr\u00e4der&#8230;auf dem R\u00fcckweg bin ich angehalten&#8230; &hellip; <a href=\"https:\/\/altgsgrebenstein.de\/?p=10972\" class=\"more-link\"><span class=\"screen-reader-text\">Ein Luftballon auf Reisen<\/span> weiterlesen <span class=\"meta-nav\">&rarr;<\/span><\/a><\/p>\n","protected":false},"author":10,"featured_media":0,"comment_status":"closed","ping_status":"closed","sticky":false,"template":"","format":"standard","meta":{"saved_in_kubio":false,"footnotes":""},"categories":[33,56],"tags":[],"class_list":["post-10972","post","type-post","status-publish","format-standard","hentry","category-archiv","category-einschulung"],"_links":{"self":[{"href":"https:\/\/altgsgrebenstein.de\/index.php?rest_route=\/wp\/v2\/posts\/10972","targetHints":{"allow":["GET"]}}],"collection":[{"href":"https:\/\/altgsgrebenstein.de\/index.php?rest_route=\/wp\/v2\/posts"}],"about":[{"href":"https:\/\/altgsgrebenstein.de\/index.php?rest_route=\/wp\/v2\/types\/post"}],"author":[{"embeddable":true,"href":"https:\/\/altgsgrebenstein.de\/index.php?rest_route=\/wp\/v2\/users\/10"}],"replies":[{"embeddable":true,"href":"https:\/\/altgsgrebenstein.de\/index.php?rest_route=%2Fwp%2Fv2%2Fcomments&post=10972"}],"version-history":[{"count":2,"href":"https:\/\/altgsgrebenstein.de\/index.php?rest_route=\/wp\/v2\/posts\/10972\/revisions"}],"predecessor-version":[{"id":12730,"href":"https:\/\/altgsgrebenstein.de\/index.php?rest_route=\/wp\/v2\/posts\/10972\/revisions\/12730"}],"wp:attachment":[{"href":"https:\/\/altgsgrebenstein.de\/index.php?rest_route=%2Fwp%2Fv2%2Fmedia&parent=10972"}],"wp:term":[{"taxonomy":"category","embeddable":true,"href":"https:\/\/altgsgrebenstein.de\/index.php?rest_route=%2Fwp%2Fv2%2Fcategories&post=10972"},{"taxonomy":"post_tag","embeddable":true,"href":"https:\/\/altgsgrebenstein.de\/index.php?rest_route=%2Fwp%2Fv2%2Ftags&post=10972"}],"curies":[{"name":"wp","href":"https:\/\/api.w.org\/{rel}","templated":true}]}}