{"id":10924,"date":"2020-08-18T11:37:55","date_gmt":"2020-08-18T10:37:55","guid":{"rendered":"https:\/\/www.gsgrebenstein.net\/wordpress\/?p=10924"},"modified":"2021-10-11T08:19:52","modified_gmt":"2021-10-11T07:19:52","slug":"10924","status":"publish","type":"post","link":"https:\/\/altgsgrebenstein.de\/?p=10924","title":{"rendered":"Einschulung der F\u00fcnftkl\u00e4ssler an der HGS"},"content":{"rendered":"<p><strong>Einschulung der F\u00fcnftkl\u00e4ssler an HGS<\/strong><\/p>\n<p><strong>Es war \u201emit Abstand das Beste\u201c<\/strong><\/p>\n<p><strong>Grebenstein.<\/strong> Diesen Tag wird Mika so schnell nicht vergessen. Der F\u00fcnftkl\u00e4ssler wurde bei der Einschulungsfeier der Heinrich-Grupe-Schule namentlich begr\u00fc\u00dft. Sein Name war Teil des Liedes, mit dem die Musiklehrer Jonathan Kunz und Besim Bikic die neuen Sch\u00fcler willkommen hie\u00dfen.<\/p>\n<p>Diese Feier am 1. Schultag nach den Sommerferien stellte f\u00fcr alle Beteiligten eine Premiere dar: Die neuen Sch\u00fcler versammelten sich ohne Eltern, Geschwister oder Gro\u00dfeltern in der Kulturhalle Grebenstein, daf\u00fcr mit Abstand und Masken. Auch das Programm unterschied sich von fr\u00fcheren Einschulungen. Wo sich sonst Klassen und Tanz AG pr\u00e4sentierten, rahmten diesmal Lehrerbeitr\u00e4ge die Feier mit dem ambitionierten Titel \u201eMit Abstand das Beste\u201c ein. Den Neuen einen w\u00fcrdigen Schulstart zu erm\u00f6glichen, darum hatten sich die Organisatoren sehr bem\u00fcht. F\u00fcr F\u00f6rderstufenleiterin Laura Bodden und Dirk Weidmann, kommissarisch mit der Leitung des Gymnasialzweigs betraut, war der Einsatz als Moderatoren ebenfalls eine Premiere.<\/p>\n<p>Die 79 Sch\u00fclerinnen und Sch\u00fcler lernten nicht nur ihre Klassenlehrerinnen und Co- Klassenlehrer*innen Kathrin Behrend\/ Uwe Scharrer, Anja M\u00fchlbrodt\/ Sascha Lackner, Pia Seewald\/Eva Thiemann-G\u00f6ring und Pauline Wede\/ Anne Meister kennen, sondern auch die Sch\u00fclerpatinnen und sie erfuhren, wie ihnen die Sch\u00fclervertretung zur Seite stehen kann.<\/p>\n<p>Nach dem spannendsten Moment des Vormittags, der Einteilung in die vier neuen Klassen, trafen sich alle am Ende der Feier auf dem Schulhof. Hier banden sie kleine Wunschkarten an Luftballons, die sie gemeinsam steigen lie\u00dfen. Es war ein sch\u00f6ner Moment, als die HGS-gelben Ballons in den grauen Morgenhimmel aufstiegen. M\u00f6glich wurde diese Aktion durch in die Unterst\u00fctzung von REWE Markt Ehlert aus Grebenstein.<\/p>\n<p>Die W\u00fcnsche von Musiklehrer Kunz bekamen auf diese Weise eine reale Bedeutung: \u201eSo sch\u00f6n, dass ihr bei uns jetzt seid, \u2026 seid uns willkommen, denn gemeinsam lernen wir was\u2026 denn gemeinsam haben wir Spa\u00df.\u201c<\/p>\n","protected":false},"excerpt":{"rendered":"<p>Einschulung der F\u00fcnftkl\u00e4ssler an HGS Es war \u201emit Abstand das Beste\u201c Grebenstein. Diesen Tag wird Mika so schnell nicht vergessen. Der F\u00fcnftkl\u00e4ssler wurde bei der Einschulungsfeier der Heinrich-Grupe-Schule namentlich begr\u00fc\u00dft. Sein Name war Teil des Liedes, mit dem die Musiklehrer Jonathan Kunz und Besim Bikic die neuen Sch\u00fcler willkommen hie\u00dfen. Diese Feier am 1. Schultag &hellip; <a href=\"https:\/\/altgsgrebenstein.de\/?p=10924\" class=\"more-link\"><span class=\"screen-reader-text\">Einschulung der F\u00fcnftkl\u00e4ssler an der HGS<\/span> weiterlesen <span class=\"meta-nav\">&rarr;<\/span><\/a><\/p>\n","protected":false},"author":12,"featured_media":0,"comment_status":"closed","ping_status":"closed","sticky":false,"template":"","format":"standard","meta":{"saved_in_kubio":false,"footnotes":""},"categories":[33,56],"tags":[],"class_list":["post-10924","post","type-post","status-publish","format-standard","hentry","category-archiv","category-einschulung"],"_links":{"self":[{"href":"https:\/\/altgsgrebenstein.de\/index.php?rest_route=\/wp\/v2\/posts\/10924","targetHints":{"allow":["GET"]}}],"collection":[{"href":"https:\/\/altgsgrebenstein.de\/index.php?rest_route=\/wp\/v2\/posts"}],"about":[{"href":"https:\/\/altgsgrebenstein.de\/index.php?rest_route=\/wp\/v2\/types\/post"}],"author":[{"embeddable":true,"href":"https:\/\/altgsgrebenstein.de\/index.php?rest_route=\/wp\/v2\/users\/12"}],"replies":[{"embeddable":true,"href":"https:\/\/altgsgrebenstein.de\/index.php?rest_route=%2Fwp%2Fv2%2Fcomments&post=10924"}],"version-history":[{"count":3,"href":"https:\/\/altgsgrebenstein.de\/index.php?rest_route=\/wp\/v2\/posts\/10924\/revisions"}],"predecessor-version":[{"id":12732,"href":"https:\/\/altgsgrebenstein.de\/index.php?rest_route=\/wp\/v2\/posts\/10924\/revisions\/12732"}],"wp:attachment":[{"href":"https:\/\/altgsgrebenstein.de\/index.php?rest_route=%2Fwp%2Fv2%2Fmedia&parent=10924"}],"wp:term":[{"taxonomy":"category","embeddable":true,"href":"https:\/\/altgsgrebenstein.de\/index.php?rest_route=%2Fwp%2Fv2%2Fcategories&post=10924"},{"taxonomy":"post_tag","embeddable":true,"href":"https:\/\/altgsgrebenstein.de\/index.php?rest_route=%2Fwp%2Fv2%2Ftags&post=10924"}],"curies":[{"name":"wp","href":"https:\/\/api.w.org\/{rel}","templated":true}]}}