{"id":1091,"date":"2016-09-23T20:32:57","date_gmt":"2016-09-23T19:32:57","guid":{"rendered":"http:\/\/www.gsgrebenstein.net\/wordpress\/?p=1091"},"modified":"2020-12-30T08:56:57","modified_gmt":"2020-12-30T07:56:57","slug":"schulsozialprojekt-schulstand-bei-der-werkhilfe-e-v","status":"publish","type":"post","link":"https:\/\/altgsgrebenstein.de\/?p=1091","title":{"rendered":"Schulsozialprojekt: Schulstand bei der WerkHilfe e.V."},"content":{"rendered":"<p style=\"text-align: left;\"><strong>Einweihungsfeier der Integrativen Wohnanlage<\/strong><\/p>\n<p style=\"text-align: left;\"><a href=\"http:\/\/altgsgrebenstein.de\/wp-content\/uploads\/2016\/09\/Schulstand-WerkHilfe-3-1.jpg\"><img decoding=\"async\" class=\"alignnone size-medium wp-image-12837\" src=\"http:\/\/altgsgrebenstein.de\/wp-content\/uploads\/2016\/09\/Schulstand-WerkHilfe-3-1-300x225.jpg\" alt=\"\" width=\"300\" height=\"225\" srcset=\"https:\/\/altgsgrebenstein.de\/wp-content\/uploads\/2016\/09\/Schulstand-WerkHilfe-3-1-300x225.jpg 300w, https:\/\/altgsgrebenstein.de\/wp-content\/uploads\/2016\/09\/Schulstand-WerkHilfe-3-1-1024x768.jpg 1024w, https:\/\/altgsgrebenstein.de\/wp-content\/uploads\/2016\/09\/Schulstand-WerkHilfe-3-1-768x576.jpg 768w, https:\/\/altgsgrebenstein.de\/wp-content\/uploads\/2016\/09\/Schulstand-WerkHilfe-3-1.jpg 1280w\" sizes=\"(max-width: 300px) 100vw, 300px\" \/><\/a><\/p>\n<p style=\"text-align: left;\">Am <strong>Samstag (10.09.)<\/strong> hat die <strong>Schulsozialprojekt-Gruppe<\/strong> bei der Einweihungsfeier f\u00fcr den Erweiterungsbau der Integrativen Wohnanlage im Caldener Hegerweg von 11.00-17.00 Uhr unseren <strong>Schulstand\u00a0 betreut<\/strong>. Neben dem <strong>Verkauf von Kinder- und Jugendliteratur aus der Schulb\u00fccherei<\/strong> wurden kleine <strong>Laubs\u00e4gearbeiten f\u00fcr Jung und Alt<\/strong> angeboten. Die anwesenden Sch\u00fclerinnen und Sch\u00fcler haben dabei tatkr\u00e4ftig Hilfestellung gegeben und die Schule w\u00fcrdig vertreten &#8211; <strong>vielen Dank f\u00fcr eure Unterst\u00fctzung<\/strong>!<\/p>\n<table>\n<tbody>\n<tr>\n<td><a href=\"http:\/\/altgsgrebenstein.de\/wp-content\/uploads\/2016\/09\/Schulstand-WerkHilfe-1-1.jpg\"><img decoding=\"async\" class=\"alignnone size-medium wp-image-12835\" src=\"http:\/\/altgsgrebenstein.de\/wp-content\/uploads\/2016\/09\/Schulstand-WerkHilfe-1-1-300x225.jpg\" alt=\"\" width=\"300\" height=\"225\" srcset=\"https:\/\/altgsgrebenstein.de\/wp-content\/uploads\/2016\/09\/Schulstand-WerkHilfe-1-1-300x225.jpg 300w, https:\/\/altgsgrebenstein.de\/wp-content\/uploads\/2016\/09\/Schulstand-WerkHilfe-1-1-1024x768.jpg 1024w, https:\/\/altgsgrebenstein.de\/wp-content\/uploads\/2016\/09\/Schulstand-WerkHilfe-1-1-768x576.jpg 768w, https:\/\/altgsgrebenstein.de\/wp-content\/uploads\/2016\/09\/Schulstand-WerkHilfe-1-1.jpg 1280w\" sizes=\"(max-width: 300px) 100vw, 300px\" \/><\/a><\/td>\n<td><a href=\"http:\/\/altgsgrebenstein.de\/wp-content\/uploads\/2016\/09\/Schulstand-WerkHilfe-2-1.jpg\"><img decoding=\"async\" class=\"alignnone size-medium wp-image-12838\" src=\"http:\/\/altgsgrebenstein.de\/wp-content\/uploads\/2016\/09\/Schulstand-WerkHilfe-2-1-300x225.jpg\" alt=\"\" width=\"300\" height=\"225\" srcset=\"https:\/\/altgsgrebenstein.de\/wp-content\/uploads\/2016\/09\/Schulstand-WerkHilfe-2-1-300x225.jpg 300w, https:\/\/altgsgrebenstein.de\/wp-content\/uploads\/2016\/09\/Schulstand-WerkHilfe-2-1-1024x768.jpg 1024w, https:\/\/altgsgrebenstein.de\/wp-content\/uploads\/2016\/09\/Schulstand-WerkHilfe-2-1-768x576.jpg 768w, https:\/\/altgsgrebenstein.de\/wp-content\/uploads\/2016\/09\/Schulstand-WerkHilfe-2-1.jpg 1280w\" sizes=\"(max-width: 300px) 100vw, 300px\" \/><\/a><\/td>\n<\/tr>\n<\/tbody>\n<\/table>\n<p>&nbsp;<\/p>\n","protected":false},"excerpt":{"rendered":"<p>Einweihungsfeier der Integrativen Wohnanlage Am Samstag (10.09.) hat die Schulsozialprojekt-Gruppe bei der Einweihungsfeier f\u00fcr den Erweiterungsbau der Integrativen Wohnanlage im Caldener Hegerweg von 11.00-17.00 Uhr unseren Schulstand\u00a0 betreut. Neben dem Verkauf von Kinder- und Jugendliteratur aus der Schulb\u00fccherei wurden kleine Laubs\u00e4gearbeiten f\u00fcr Jung und Alt angeboten. Die anwesenden Sch\u00fclerinnen und Sch\u00fcler haben dabei tatkr\u00e4ftig Hilfestellung &hellip; <a href=\"https:\/\/altgsgrebenstein.de\/?p=1091\" class=\"more-link\"><span class=\"screen-reader-text\">Schulsozialprojekt: Schulstand bei der WerkHilfe e.V.<\/span> weiterlesen <span class=\"meta-nav\">&rarr;<\/span><\/a><\/p>\n","protected":false},"author":10,"featured_media":0,"comment_status":"closed","ping_status":"open","sticky":false,"template":"","format":"standard","meta":{"saved_in_kubio":false,"footnotes":""},"categories":[33,34],"tags":[],"class_list":["post-1091","post","type-post","status-publish","format-standard","hentry","category-archiv","category-berufsorientierung"],"_links":{"self":[{"href":"https:\/\/altgsgrebenstein.de\/index.php?rest_route=\/wp\/v2\/posts\/1091","targetHints":{"allow":["GET"]}}],"collection":[{"href":"https:\/\/altgsgrebenstein.de\/index.php?rest_route=\/wp\/v2\/posts"}],"about":[{"href":"https:\/\/altgsgrebenstein.de\/index.php?rest_route=\/wp\/v2\/types\/post"}],"author":[{"embeddable":true,"href":"https:\/\/altgsgrebenstein.de\/index.php?rest_route=\/wp\/v2\/users\/10"}],"replies":[{"embeddable":true,"href":"https:\/\/altgsgrebenstein.de\/index.php?rest_route=%2Fwp%2Fv2%2Fcomments&post=1091"}],"version-history":[{"count":3,"href":"https:\/\/altgsgrebenstein.de\/index.php?rest_route=\/wp\/v2\/posts\/1091\/revisions"}],"predecessor-version":[{"id":12839,"href":"https:\/\/altgsgrebenstein.de\/index.php?rest_route=\/wp\/v2\/posts\/1091\/revisions\/12839"}],"wp:attachment":[{"href":"https:\/\/altgsgrebenstein.de\/index.php?rest_route=%2Fwp%2Fv2%2Fmedia&parent=1091"}],"wp:term":[{"taxonomy":"category","embeddable":true,"href":"https:\/\/altgsgrebenstein.de\/index.php?rest_route=%2Fwp%2Fv2%2Fcategories&post=1091"},{"taxonomy":"post_tag","embeddable":true,"href":"https:\/\/altgsgrebenstein.de\/index.php?rest_route=%2Fwp%2Fv2%2Ftags&post=1091"}],"curies":[{"name":"wp","href":"https:\/\/api.w.org\/{rel}","templated":true}]}}