{"id":16084,"date":"2023-10-31T03:24:40","date_gmt":"2023-10-31T02:24:40","guid":{"rendered":"http:\/\/altgsgrebenstein.de\/?p=16084"},"modified":"2024-09-08T11:02:32","modified_gmt":"2024-09-08T10:02:32","slug":"pergite-ad-dextram-zu-gast-im-roemerkastell-saalburg","status":"publish","type":"post","link":"http:\/\/altgsgrebenstein.de\/?p=16084","title":{"rendered":"\u201ePergite ad dextram!\u201c \u2013 Zu Gast im R\u00f6merkastell Saalburg"},"content":{"rendered":"<p style=\"text-align: justify;\">Es ist erst wenige Wochen her, als 21 Sch\u00fclerinnen und Sch\u00fcler der Jahrgangsstufe G7 nach den Sommerferien mit ihrer neuen zweiten Fremdsprache Latein begonnen hatten \u2013 und schon stand f\u00fcr sie unmittelbar nach den Herbstferien bereits ein erstes Highlight an, das sie so schnell nicht vergessen werden:<\/p>\n<table style=\"border-collapse: collapse; width: 100%;\">\n<tbody>\n<tr>\n<td style=\"width: 50%;\"><img decoding=\"async\" class=\"alignnone size-full wp-image-16092\" src=\"http:\/\/altgsgrebenstein.de\/wp-content\/uploads\/2023\/10\/IMG-8201-scaled.jpg\" alt=\"\" width=\"2560\" height=\"1852\" srcset=\"http:\/\/altgsgrebenstein.de\/wp-content\/uploads\/2023\/10\/IMG-8201-scaled.jpg 2560w, http:\/\/altgsgrebenstein.de\/wp-content\/uploads\/2023\/10\/IMG-8201-300x217.jpg 300w, http:\/\/altgsgrebenstein.de\/wp-content\/uploads\/2023\/10\/IMG-8201-1024x741.jpg 1024w, http:\/\/altgsgrebenstein.de\/wp-content\/uploads\/2023\/10\/IMG-8201-768x556.jpg 768w, http:\/\/altgsgrebenstein.de\/wp-content\/uploads\/2023\/10\/IMG-8201-1536x1111.jpg 1536w, http:\/\/altgsgrebenstein.de\/wp-content\/uploads\/2023\/10\/IMG-8201-2048x1482.jpg 2048w\" sizes=\"(max-width: 2560px) 100vw, 2560px\" \/><\/td>\n<td style=\"width: 50%;\"><img decoding=\"async\" class=\"alignnone size-full wp-image-16091\" src=\"http:\/\/altgsgrebenstein.de\/wp-content\/uploads\/2023\/10\/IMG-8199-scaled.jpg\" alt=\"\" width=\"2560\" height=\"1920\" srcset=\"http:\/\/altgsgrebenstein.de\/wp-content\/uploads\/2023\/10\/IMG-8199-scaled.jpg 2560w, http:\/\/altgsgrebenstein.de\/wp-content\/uploads\/2023\/10\/IMG-8199-300x225.jpg 300w, http:\/\/altgsgrebenstein.de\/wp-content\/uploads\/2023\/10\/IMG-8199-1024x768.jpg 1024w, http:\/\/altgsgrebenstein.de\/wp-content\/uploads\/2023\/10\/IMG-8199-768x576.jpg 768w, http:\/\/altgsgrebenstein.de\/wp-content\/uploads\/2023\/10\/IMG-8199-1536x1152.jpg 1536w, http:\/\/altgsgrebenstein.de\/wp-content\/uploads\/2023\/10\/IMG-8199-2048x1536.jpg 2048w\" sizes=\"(max-width: 2560px) 100vw, 2560px\" \/><\/td>\n<\/tr>\n<\/tbody>\n<\/table>\n<p style=\"text-align: justify;\">Gemeinsam mit ihrem Lateinlehrer Dirk Weidmann nutzte die Lerngruppe die Gelegenheit, in der N\u00e4he von Bad Homburg im Taunus an einem intensiv betreuten Tagesprogramm im bekannten R\u00f6merkastell Saalburg teilzunehmen. Dabei erhielt der noch junge Lateinkurs einen umfassenden Einblick in das Leben am Limes in r\u00f6mischer Zeit, wodurch ein wertvoller Beitrag zum historischen Transfer geleistet wurde. F\u00fcr die n\u00e4chsten Monate des Lateinunterrichts ergeben sich durch die Vielzahl an Themen eine Reihe an Ankn\u00fcpfungspunkte, die immer wieder den R\u00fcckbezug zu dem auf der Saalburg Erlebten erm\u00f6glichen werden.<\/p>\n<table style=\"border-collapse: collapse; width: 100%;\">\n<tbody>\n<tr>\n<td style=\"width: 50%;\"><img decoding=\"async\" class=\"alignnone size-full wp-image-16088\" src=\"http:\/\/altgsgrebenstein.de\/wp-content\/uploads\/2023\/10\/IMG-8164-scaled.jpg\" alt=\"\" width=\"1920\" height=\"2560\" srcset=\"http:\/\/altgsgrebenstein.de\/wp-content\/uploads\/2023\/10\/IMG-8164-scaled.jpg 1920w, http:\/\/altgsgrebenstein.de\/wp-content\/uploads\/2023\/10\/IMG-8164-225x300.jpg 225w, http:\/\/altgsgrebenstein.de\/wp-content\/uploads\/2023\/10\/IMG-8164-768x1024.jpg 768w, http:\/\/altgsgrebenstein.de\/wp-content\/uploads\/2023\/10\/IMG-8164-1152x1536.jpg 1152w, http:\/\/altgsgrebenstein.de\/wp-content\/uploads\/2023\/10\/IMG-8164-1536x2048.jpg 1536w\" sizes=\"(max-width: 1920px) 100vw, 1920px\" \/><\/td>\n<td style=\"width: 50%;\"><img decoding=\"async\" class=\"alignnone size-full wp-image-16086\" src=\"http:\/\/altgsgrebenstein.de\/wp-content\/uploads\/2023\/10\/IMG-8156-scaled.jpg\" alt=\"\" width=\"1920\" height=\"2560\" srcset=\"http:\/\/altgsgrebenstein.de\/wp-content\/uploads\/2023\/10\/IMG-8156-scaled.jpg 1920w, http:\/\/altgsgrebenstein.de\/wp-content\/uploads\/2023\/10\/IMG-8156-225x300.jpg 225w, http:\/\/altgsgrebenstein.de\/wp-content\/uploads\/2023\/10\/IMG-8156-768x1024.jpg 768w, http:\/\/altgsgrebenstein.de\/wp-content\/uploads\/2023\/10\/IMG-8156-1152x1536.jpg 1152w, http:\/\/altgsgrebenstein.de\/wp-content\/uploads\/2023\/10\/IMG-8156-1536x2048.jpg 1536w\" sizes=\"(max-width: 1920px) 100vw, 1920px\" \/><\/td>\n<\/tr>\n<\/tbody>\n<\/table>\n<p style=\"text-align: justify;\">Im Rahmen des Tagesprogramms nahmen die Sch\u00fclerinnen und Sch\u00fcler aktiv an einer Vorf\u00fchrung r\u00f6mischer Tracht und milit\u00e4rischer Ausr\u00fcstung teil und erfuhren am eigenen K\u00f6rper, was es f\u00fcr einen r\u00f6mischen Soldaten bedeutete, eine milit\u00e4rische Ausr\u00fcstung mit einem Gewicht von \u00fcber 25kg zu tragen. Weitere \u201eMilit\u00e4rerfahrung\u201c erlangten sie, indem sie am Bogenschie\u00dfen teilnahmen und Formationstraining in der bekannten \u201eSchildkr\u00f6tenaufstellung\u201c durchf\u00fchrten. Dabei wurde schnell klar, dass es nicht immer einfach ist, die knappen und schnell wechselnden lateinischen Befehle eines Centurios umzusetzen. Zur Belohnung erhielten alle Teilnehmenden jedoch ihren Sold, n\u00e4mlich eine Nachbildung einer antiken M\u00fcnze aus der Kaiserzeit.<\/p>\n<p style=\"text-align: justify;\">Da das Wetter entgegen der urspr\u00fcnglichen Prognose relativ stabil blieb, konnte die Lerngruppe schlie\u00dflich auch von einer ausgedehnten F\u00fchrung innerhalb und au\u00dferhalb des Kastells profitieren. Hier erhielt man Einblicke in das zivile Leben und den Alltag im Kastelldorf, in die Geschichte des R\u00f6merlagers und des angrenzenden Limes sowie in die Handelsbeziehungen zu den Germanen.<\/p>\n<table style=\"border-collapse: collapse; width: 100%;\">\n<tbody>\n<tr>\n<td style=\"width: 50%;\"><img decoding=\"async\" class=\"alignnone size-full wp-image-16090\" src=\"http:\/\/altgsgrebenstein.de\/wp-content\/uploads\/2023\/10\/IMG-8192-scaled.jpg\" alt=\"\" width=\"1920\" height=\"2560\" srcset=\"http:\/\/altgsgrebenstein.de\/wp-content\/uploads\/2023\/10\/IMG-8192-scaled.jpg 1920w, http:\/\/altgsgrebenstein.de\/wp-content\/uploads\/2023\/10\/IMG-8192-225x300.jpg 225w, http:\/\/altgsgrebenstein.de\/wp-content\/uploads\/2023\/10\/IMG-8192-768x1024.jpg 768w, http:\/\/altgsgrebenstein.de\/wp-content\/uploads\/2023\/10\/IMG-8192-1152x1536.jpg 1152w, http:\/\/altgsgrebenstein.de\/wp-content\/uploads\/2023\/10\/IMG-8192-1536x2048.jpg 1536w\" sizes=\"(max-width: 1920px) 100vw, 1920px\" \/><\/td>\n<td style=\"width: 50%;\"><img decoding=\"async\" class=\"alignnone size-full wp-image-16085\" src=\"http:\/\/altgsgrebenstein.de\/wp-content\/uploads\/2023\/10\/IMG-8153-scaled.jpg\" alt=\"\" width=\"1920\" height=\"2560\" srcset=\"http:\/\/altgsgrebenstein.de\/wp-content\/uploads\/2023\/10\/IMG-8153-scaled.jpg 1920w, http:\/\/altgsgrebenstein.de\/wp-content\/uploads\/2023\/10\/IMG-8153-225x300.jpg 225w, http:\/\/altgsgrebenstein.de\/wp-content\/uploads\/2023\/10\/IMG-8153-768x1024.jpg 768w, http:\/\/altgsgrebenstein.de\/wp-content\/uploads\/2023\/10\/IMG-8153-1152x1536.jpg 1152w, http:\/\/altgsgrebenstein.de\/wp-content\/uploads\/2023\/10\/IMG-8153-1536x2048.jpg 1536w\" sizes=\"(max-width: 1920px) 100vw, 1920px\" \/><\/td>\n<\/tr>\n<\/tbody>\n<\/table>\n<p style=\"text-align: justify;\">Die Erlebnisse werden von den Sch\u00fclerinnen und Sch\u00fclern nun im Unterricht mithilfe eines Lernportfolios reflektiert und vertieft. Neben der kreativen Sicherung wesentlicher Erkenntnisse bietet sich den Lernenden auf diese Weise die M\u00f6glichkeit, einzelne Aspekte individuell zu vertiefen und somit eigene Schwerpunkte im Lernprozess zu setzen.<\/p>\n<p><img decoding=\"async\" class=\"alignnone size-full wp-image-16087\" style=\"font-size: 14px;\" src=\"http:\/\/altgsgrebenstein.de\/wp-content\/uploads\/2023\/10\/IMG-8162-scaled.jpg\" alt=\"\" width=\"1920\" height=\"2560\" srcset=\"http:\/\/altgsgrebenstein.de\/wp-content\/uploads\/2023\/10\/IMG-8162-scaled.jpg 1920w, http:\/\/altgsgrebenstein.de\/wp-content\/uploads\/2023\/10\/IMG-8162-225x300.jpg 225w, http:\/\/altgsgrebenstein.de\/wp-content\/uploads\/2023\/10\/IMG-8162-768x1024.jpg 768w, http:\/\/altgsgrebenstein.de\/wp-content\/uploads\/2023\/10\/IMG-8162-1152x1536.jpg 1152w, http:\/\/altgsgrebenstein.de\/wp-content\/uploads\/2023\/10\/IMG-8162-1536x2048.jpg 1536w\" sizes=\"(max-width: 1920px) 100vw, 1920px\" \/><\/p>\n<p><em>Dirk Weidmann<\/em><\/p>\n","protected":false},"excerpt":{"rendered":"<p>Es ist erst wenige Wochen her, als 21 Sch\u00fclerinnen und Sch\u00fcler der Jahrgangsstufe G7 nach den Sommerferien mit ihrer neuen zweiten Fremdsprache Latein begonnen hatten \u2013 und schon stand f\u00fcr sie unmittelbar nach den Herbstferien bereits ein erstes Highlight an, das sie so schnell nicht vergessen werden: Gemeinsam mit ihrem Lateinlehrer Dirk Weidmann nutzte die &hellip; <a href=\"http:\/\/altgsgrebenstein.de\/?p=16084\" class=\"more-link\"><span class=\"screen-reader-text\">\u201ePergite ad dextram!\u201c \u2013 Zu Gast im R\u00f6merkastell Saalburg<\/span> weiterlesen <span class=\"meta-nav\">&rarr;<\/span><\/a><\/p>\n","protected":false},"author":22,"featured_media":0,"comment_status":"closed","ping_status":"closed","sticky":false,"template":"","format":"standard","meta":{"saved_in_kubio":false,"footnotes":""},"categories":[33,1],"tags":[],"class_list":["post-16084","post","type-post","status-publish","format-standard","hentry","category-archiv","category-uncategorized"],"_links":{"self":[{"href":"http:\/\/altgsgrebenstein.de\/index.php?rest_route=\/wp\/v2\/posts\/16084","targetHints":{"allow":["GET"]}}],"collection":[{"href":"http:\/\/altgsgrebenstein.de\/index.php?rest_route=\/wp\/v2\/posts"}],"about":[{"href":"http:\/\/altgsgrebenstein.de\/index.php?rest_route=\/wp\/v2\/types\/post"}],"author":[{"embeddable":true,"href":"http:\/\/altgsgrebenstein.de\/index.php?rest_route=\/wp\/v2\/users\/22"}],"replies":[{"embeddable":true,"href":"http:\/\/altgsgrebenstein.de\/index.php?rest_route=%2Fwp%2Fv2%2Fcomments&post=16084"}],"version-history":[{"count":6,"href":"http:\/\/altgsgrebenstein.de\/index.php?rest_route=\/wp\/v2\/posts\/16084\/revisions"}],"predecessor-version":[{"id":16100,"href":"http:\/\/altgsgrebenstein.de\/index.php?rest_route=\/wp\/v2\/posts\/16084\/revisions\/16100"}],"wp:attachment":[{"href":"http:\/\/altgsgrebenstein.de\/index.php?rest_route=%2Fwp%2Fv2%2Fmedia&parent=16084"}],"wp:term":[{"taxonomy":"category","embeddable":true,"href":"http:\/\/altgsgrebenstein.de\/index.php?rest_route=%2Fwp%2Fv2%2Fcategories&post=16084"},{"taxonomy":"post_tag","embeddable":true,"href":"http:\/\/altgsgrebenstein.de\/index.php?rest_route=%2Fwp%2Fv2%2Ftags&post=16084"}],"curies":[{"name":"wp","href":"https:\/\/api.w.org\/{rel}","templated":true}]}}