{"id":15675,"date":"2023-06-23T09:33:37","date_gmt":"2023-06-23T08:33:37","guid":{"rendered":"http:\/\/altgsgrebenstein.de\/?p=15675"},"modified":"2023-12-03T20:09:58","modified_gmt":"2023-12-03T19:09:58","slug":"klassenfahrt-nach-bad-hersfeld-g8a-b","status":"publish","type":"post","link":"http:\/\/altgsgrebenstein.de\/?p=15675","title":{"rendered":"Klassenfahrt nach Bad Hersfeld G8a\/b"},"content":{"rendered":"<p>Begonnen hat alles mit dem Treffen um 8:00 Uhr in Grebenstein am Bahnhof. Nach einer zweist\u00fcndigen Zugfahrt kamen wir an unserem Ziel, der Jugendherberge in Bad Hersfeld, an. Auf dieser Fahrt begleiteten uns Frau Schmidke, Frau Asmus und Herr Haag. Unser erster Programmpunkt war das Wortreich, dies eine Wissens und Erlebniswelt f\u00fcr Sprache und Kommunikation, die wir nach dem gemeinsamen Mittagessen besuchten.<\/p>\n<p>Am Nachmittag bezogen wir unsere Zimmer und anschlie\u00dfend konnten wir in unserer Freizeit die Stadt erkunden und shoppen gehen. Abends folgte dann ein Besuch des Jahnparks, welcher fr\u00fcher als Erholungsort f\u00fcr die Arbeiter gedacht war. Dort konnten wir uns beim Fu\u00df-, Basket- oder Volleyballspielen und auf den verschiedenen Kletterger\u00e4ten austoben.<\/p>\n<p>Der n\u00e4chste Tag begann fr\u00fch, da man bereits ab 7:30 Uhr fr\u00fchst\u00fccken konnte. Im Anschluss daran fuhren wir mit dem Zug nach Fulda, wo uns Herr Haag zusammen mit Frau Asmus eine Stadtf\u00fchrung gab. Nach der spannenden F\u00fchrung, bei der wir auch den Dom besichtigten, hatten wir freie Zeit, um die Stadt selbst zu erkunden. Etwas zwei Stunden sp\u00e4ter besuchten wir das \u00f6rtliche Freibad (Rosenbad) mit Wasserrutsche, Str\u00f6mungskanal und 5m Sprungturm. Schlie\u00dflich machten wir uns nach dieser willkommenen Abk\u00fchlung wieder auf den Weg zur\u00fcck nach Bad Hersfeld, wo wir den Abend in der Gartenanlage der Jugendherberge ausklingen lie\u00dfen.<\/p>\n<p><img decoding=\"async\" class=\"aligncenter size-full wp-image-15676\" src=\"http:\/\/altgsgrebenstein.de\/wp-content\/uploads\/2023\/06\/c54bb5da-1664-4600-9af1-6e0a7dc7dd86.jpeg\" alt=\"\" width=\"767\" height=\"1024\" srcset=\"http:\/\/altgsgrebenstein.de\/wp-content\/uploads\/2023\/06\/c54bb5da-1664-4600-9af1-6e0a7dc7dd86.jpeg 767w, http:\/\/altgsgrebenstein.de\/wp-content\/uploads\/2023\/06\/c54bb5da-1664-4600-9af1-6e0a7dc7dd86-225x300.jpeg 225w\" sizes=\"(max-width: 767px) 100vw, 767px\" \/><\/p>\n<p>Am Freitag mussten wir unsere Zimmer bereits um 10:00 Uhr verlassen, weshalb der Morgen schon fr\u00fch f\u00fcr uns begann. Wir machten uns, als wir mit dem Packen fertig waren, auf den Weg zum Bahnhof, um die Heimreise anzutreten und kamen bereits gegen 12:30 Uhr am Bahnhof in Grebenstein an, wo schon viele Eltern auf uns warteten.<\/p>\n<p>Ben Schildknecht<\/p>\n","protected":false},"excerpt":{"rendered":"<p>Begonnen hat alles mit dem Treffen um 8:00 Uhr in Grebenstein am Bahnhof. Nach einer zweist\u00fcndigen Zugfahrt kamen wir an unserem Ziel, der Jugendherberge in Bad Hersfeld, an. Auf dieser Fahrt begleiteten uns Frau Schmidke, Frau Asmus und Herr Haag. Unser erster Programmpunkt war das Wortreich, dies eine Wissens und Erlebniswelt f\u00fcr Sprache und Kommunikation, &hellip; <a href=\"http:\/\/altgsgrebenstein.de\/?p=15675\" class=\"more-link\"><span class=\"screen-reader-text\">Klassenfahrt nach Bad Hersfeld G8a\/b<\/span> weiterlesen <span class=\"meta-nav\">&rarr;<\/span><\/a><\/p>\n","protected":false},"author":28,"featured_media":0,"comment_status":"closed","ping_status":"closed","sticky":false,"template":"","format":"standard","meta":{"saved_in_kubio":false,"footnotes":""},"categories":[33,1],"tags":[],"class_list":["post-15675","post","type-post","status-publish","format-standard","hentry","category-archiv","category-uncategorized"],"_links":{"self":[{"href":"http:\/\/altgsgrebenstein.de\/index.php?rest_route=\/wp\/v2\/posts\/15675","targetHints":{"allow":["GET"]}}],"collection":[{"href":"http:\/\/altgsgrebenstein.de\/index.php?rest_route=\/wp\/v2\/posts"}],"about":[{"href":"http:\/\/altgsgrebenstein.de\/index.php?rest_route=\/wp\/v2\/types\/post"}],"author":[{"embeddable":true,"href":"http:\/\/altgsgrebenstein.de\/index.php?rest_route=\/wp\/v2\/users\/28"}],"replies":[{"embeddable":true,"href":"http:\/\/altgsgrebenstein.de\/index.php?rest_route=%2Fwp%2Fv2%2Fcomments&post=15675"}],"version-history":[{"count":1,"href":"http:\/\/altgsgrebenstein.de\/index.php?rest_route=\/wp\/v2\/posts\/15675\/revisions"}],"predecessor-version":[{"id":15677,"href":"http:\/\/altgsgrebenstein.de\/index.php?rest_route=\/wp\/v2\/posts\/15675\/revisions\/15677"}],"wp:attachment":[{"href":"http:\/\/altgsgrebenstein.de\/index.php?rest_route=%2Fwp%2Fv2%2Fmedia&parent=15675"}],"wp:term":[{"taxonomy":"category","embeddable":true,"href":"http:\/\/altgsgrebenstein.de\/index.php?rest_route=%2Fwp%2Fv2%2Fcategories&post=15675"},{"taxonomy":"post_tag","embeddable":true,"href":"http:\/\/altgsgrebenstein.de\/index.php?rest_route=%2Fwp%2Fv2%2Ftags&post=15675"}],"curies":[{"name":"wp","href":"https:\/\/api.w.org\/{rel}","templated":true}]}}