{"id":15656,"date":"2023-06-15T22:30:21","date_gmt":"2023-06-15T21:30:21","guid":{"rendered":"http:\/\/altgsgrebenstein.de\/?p=15656"},"modified":"2023-12-03T20:08:47","modified_gmt":"2023-12-03T19:08:47","slug":"15656","status":"publish","type":"post","link":"http:\/\/altgsgrebenstein.de\/?p=15656","title":{"rendered":"Kulturpausen &#8211; ein neues Format an der HGS"},"content":{"rendered":"<p><img decoding=\"async\" class=\"alignnone wp-image-15657\" src=\"http:\/\/altgsgrebenstein.de\/wp-content\/uploads\/2023\/06\/IMG_9751-300x200.jpg\" alt=\"\" width=\"297\" height=\"198\" srcset=\"http:\/\/altgsgrebenstein.de\/wp-content\/uploads\/2023\/06\/IMG_9751-300x200.jpg 300w, http:\/\/altgsgrebenstein.de\/wp-content\/uploads\/2023\/06\/IMG_9751-1024x684.jpg 1024w, http:\/\/altgsgrebenstein.de\/wp-content\/uploads\/2023\/06\/IMG_9751-768x513.jpg 768w, http:\/\/altgsgrebenstein.de\/wp-content\/uploads\/2023\/06\/IMG_9751-1536x1025.jpg 1536w, http:\/\/altgsgrebenstein.de\/wp-content\/uploads\/2023\/06\/IMG_9751-2048x1367.jpg 2048w\" sizes=\"(max-width: 297px) 100vw, 297px\" \/> <img decoding=\"async\" class=\"alignnone size-medium wp-image-15658\" src=\"http:\/\/altgsgrebenstein.de\/wp-content\/uploads\/2023\/06\/IMG_9759-300x200.jpg\" alt=\"\" width=\"300\" height=\"200\" srcset=\"http:\/\/altgsgrebenstein.de\/wp-content\/uploads\/2023\/06\/IMG_9759-300x200.jpg 300w, http:\/\/altgsgrebenstein.de\/wp-content\/uploads\/2023\/06\/IMG_9759-1024x684.jpg 1024w, http:\/\/altgsgrebenstein.de\/wp-content\/uploads\/2023\/06\/IMG_9759-768x513.jpg 768w, http:\/\/altgsgrebenstein.de\/wp-content\/uploads\/2023\/06\/IMG_9759-1536x1025.jpg 1536w, http:\/\/altgsgrebenstein.de\/wp-content\/uploads\/2023\/06\/IMG_9759-2048x1367.jpg 2048w\" sizes=\"(max-width: 300px) 100vw, 300px\" \/><\/p>\n<p style=\"text-align: justify;\">Es war ein Zufall, der zu einer Idee f\u00fchrte, aus der eines Tages eine Tradition werden k\u00f6nnte. Am vergangenen Montag erfreuten Maya M\u00f6ller (G9b) und Frederik Weidmann (G5b) bei der 1. Kulturpause in der Gesamtschule Grebenstein ihr Publikum mit ihren <a href=\"http:\/\/altgsgrebenstein.de\/wp-content\/uploads\/2023\/06\/Programmflyer-Kulturpause-1-12.06.2023.pdf\">Klaviervortr\u00e4gen<\/a>.<\/p>\n<p style=\"text-align: justify;\">W\u00e4hrend drau\u00dfen sommerliche Temperaturen herrschten, lauschten in der k\u00fchlen Neuen Aula rund 30 Zuh\u00f6rer dem Vorspiel der jungen Akteure und zeigten sich anschlie\u00dfend begeistert. Zu ihnen geh\u00f6rten Arian Sch\u00e4fer und Julian Carl aus der G10b, die die Kombination aus ruhiger Pause und Kultur gut fanden. \u201eEs war mal eine Abwechslung\u201c, so die beiden Sch\u00fcler, die es gut f\u00e4nden, wenn sich das neue Format etablierte.<\/p>\n<p style=\"text-align: justify;\">Die Kulturpause entstand auf Anregung von Gymnasialzweigleiter Dirk Weidmann. Zu Jahresbeginn hatte eine ukrainische Pianistin recht spontan w\u00e4hrend einer gro\u00dfen Pause in der Aula ihr K\u00f6nnen gezeigt und dies inspirierte den P\u00e4dagogen, eine \u201eKulturpause\u201c zu initiieren. Bis zu den Sommerferien soll diese noch zweimal stattfinden und im neuen Schuljahr zu einer festen Gr\u00f6\u00dfe werden.<\/p>\n<p style=\"text-align: justify;\">F\u00fcr Maya M\u00f6ller stellte der Auftritt w\u00e4hrend der Kulturpause eine gute Gelegenheit dar, sich vor Publikum zu pr\u00e4sentieren. \u201eIch spiele sonst f\u00fcr mich zu Hause und hatte hier die M\u00f6glichkeit, Erfahrungen zu sammeln.\u201c Die 15 Jahre alte Sch\u00fclerin hat seit 5 Jahren Klavierunterricht. F\u00fcr Frederik Weidmann, der neben dem Klavierspiel auch das Cellospiel erlernt, war der Auftritt nichts Neues. Er konnte schon einige Erfahrung bei \u00f6ffentlichen Auftritten sammeln und sah der Pause mit Freude entgegen: \u201eIch habe mich heute beim Spielen entspannt.\u201c\u00a0 Sonderlich aufgeregt seien sie nicht gewesen, bilanzierten beide.<\/p>\n<p style=\"text-align: justify;\">Nicht nur Klavierbeitr\u00e4ge sind bei den Kulturpausen willkommen, betonte Dirk Weidmann: \u201eEs kann jeder mitmachen: Mit Instrumentalspiel, Gesang, Tanz oder Lesungen.\u201c<\/p>\n<p style=\"text-align: justify;\">Maya M\u00f6ller und Frederik Weidmann jedenfalls k\u00f6nnen \u201ejedem empfehlen, sich zu melden und mitzumachen.\u201c<\/p>\n<p style=\"text-align: justify;\"><strong>Susann Adam <\/strong><\/p>\n","protected":false},"excerpt":{"rendered":"<p>Es war ein Zufall, der zu einer Idee f\u00fchrte, aus der eines Tages eine Tradition werden k\u00f6nnte. Am vergangenen Montag erfreuten Maya M\u00f6ller (G9b) und Frederik Weidmann (G5b) bei der 1. Kulturpause in der Gesamtschule Grebenstein ihr Publikum mit ihren Klaviervortr\u00e4gen. W\u00e4hrend drau\u00dfen sommerliche Temperaturen herrschten, lauschten in der k\u00fchlen Neuen Aula rund 30 Zuh\u00f6rer &hellip; <a href=\"http:\/\/altgsgrebenstein.de\/?p=15656\" class=\"more-link\"><span class=\"screen-reader-text\">Kulturpausen &#8211; ein neues Format an der HGS<\/span> weiterlesen <span class=\"meta-nav\">&rarr;<\/span><\/a><\/p>\n","protected":false},"author":22,"featured_media":0,"comment_status":"closed","ping_status":"closed","sticky":false,"template":"","format":"standard","meta":{"saved_in_kubio":false,"footnotes":""},"categories":[33,1],"tags":[],"class_list":["post-15656","post","type-post","status-publish","format-standard","hentry","category-archiv","category-uncategorized"],"_links":{"self":[{"href":"http:\/\/altgsgrebenstein.de\/index.php?rest_route=\/wp\/v2\/posts\/15656","targetHints":{"allow":["GET"]}}],"collection":[{"href":"http:\/\/altgsgrebenstein.de\/index.php?rest_route=\/wp\/v2\/posts"}],"about":[{"href":"http:\/\/altgsgrebenstein.de\/index.php?rest_route=\/wp\/v2\/types\/post"}],"author":[{"embeddable":true,"href":"http:\/\/altgsgrebenstein.de\/index.php?rest_route=\/wp\/v2\/users\/22"}],"replies":[{"embeddable":true,"href":"http:\/\/altgsgrebenstein.de\/index.php?rest_route=%2Fwp%2Fv2%2Fcomments&post=15656"}],"version-history":[{"count":6,"href":"http:\/\/altgsgrebenstein.de\/index.php?rest_route=\/wp\/v2\/posts\/15656\/revisions"}],"predecessor-version":[{"id":15665,"href":"http:\/\/altgsgrebenstein.de\/index.php?rest_route=\/wp\/v2\/posts\/15656\/revisions\/15665"}],"wp:attachment":[{"href":"http:\/\/altgsgrebenstein.de\/index.php?rest_route=%2Fwp%2Fv2%2Fmedia&parent=15656"}],"wp:term":[{"taxonomy":"category","embeddable":true,"href":"http:\/\/altgsgrebenstein.de\/index.php?rest_route=%2Fwp%2Fv2%2Fcategories&post=15656"},{"taxonomy":"post_tag","embeddable":true,"href":"http:\/\/altgsgrebenstein.de\/index.php?rest_route=%2Fwp%2Fv2%2Ftags&post=15656"}],"curies":[{"name":"wp","href":"https:\/\/api.w.org\/{rel}","templated":true}]}}