{"id":15643,"date":"2023-06-07T08:54:33","date_gmt":"2023-06-07T07:54:33","guid":{"rendered":"http:\/\/altgsgrebenstein.de\/?p=15643"},"modified":"2023-12-03T20:08:47","modified_gmt":"2023-12-03T19:08:47","slug":"besuch-der-r8c-im-amtsgericht-kassel","status":"publish","type":"post","link":"http:\/\/altgsgrebenstein.de\/?p=15643","title":{"rendered":"Besuch der R8c im Amtsgericht Kassel"},"content":{"rendered":"<p><strong>Kassel\/Grebenstein.\u00a0<\/strong>Im Rahmen der Unterrichtseinheit &#8222;Jugend und Recht&#8220; besuchte die Klasse R8c am Donnerstag, den 01.06.2023 gemeinsam mit ihrem Klassenlehrer Herr Lautze eine \u00f6ffentliche Gerichtsverhandlung im Amtsgericht Kassel. Nach einer bequemen Anreise mit der RT1 ging es im Eingangsbereich des Gerichts zun\u00e4chst in die Sicherheitsschleuse, danach wurden wir zum Saal gebracht, in dem eine Verhandlung nach Jugendstrafrecht abgehalten wurde.<\/p>\n<p>Hier wurde den Sch\u00fclerInnen bewusst, dass viele Themen und Inhalte, die im GL-Unterricht besprochen wurden, hier &#8222;live&#8220; auch Anwendung finden. Begriffe wie Sch\u00f6ffen, Heranwachsende, Anh\u00f6rung, Zeugen, Jugendstrafrecht, Bew\u00e4hrung oder Untersuchungshaft konnten von der Theorie in die Praxis \u00fcbernommen werden.<\/p>\n<p>Mit Spannung verfolgte die Klasse die Ausf\u00fchrungen der Richter, Staatsanw\u00e4lte, Zeugen, der Gesch\u00e4digten\u00a0 und des Beklagten.<\/p>\n<p>Der Ausgang und das Urteil der Verhandlung wurde im Nachgang im Rahmen des GL-Unterrichtes besprochen und ausgewertet. War das Urteil gerecht? Wie wurde es begr\u00fcndet? Wie hatten die Sch\u00fclerInnen entschieden, wenn sie RichterIn gewesen w\u00e4ren? Es gab interessante Diskussionen und einen regen Austausch!<\/p>\n<p>Die Bedeutung von Demokratie und Rechtsstaat wurde hier noch einmal allen vor Augen gef\u00fchrt. Jedes System ben\u00f6tigt Regeln und unser Grundgesetz, die Gewaltenteilung, ein funktionierender Rechtsstaat sind wichtige Grundpfeiler einer demokratischen Gesellschaftsordnung, dies wurde hier noch einmal deutlich.<\/p>\n<p>Mit einem sehr positiven Feedback ging die Klasse nun zum Abschluss aus der Unterrichtseinheit und hat einen wichtigen Abschnitt innerhalb der politischen Bildung gemeistert.<\/p>\n<p>J. Lautze<\/p>\n","protected":false},"excerpt":{"rendered":"<p>Kassel\/Grebenstein.\u00a0Im Rahmen der Unterrichtseinheit &#8222;Jugend und Recht&#8220; besuchte die Klasse R8c am Donnerstag, den 01.06.2023 gemeinsam mit ihrem Klassenlehrer Herr Lautze eine \u00f6ffentliche Gerichtsverhandlung im Amtsgericht Kassel. Nach einer bequemen Anreise mit der RT1 ging es im Eingangsbereich des Gerichts zun\u00e4chst in die Sicherheitsschleuse, danach wurden wir zum Saal gebracht, in dem eine Verhandlung nach &hellip; <a href=\"http:\/\/altgsgrebenstein.de\/?p=15643\" class=\"more-link\"><span class=\"screen-reader-text\">Besuch der R8c im Amtsgericht Kassel<\/span> weiterlesen <span class=\"meta-nav\">&rarr;<\/span><\/a><\/p>\n","protected":false},"author":28,"featured_media":0,"comment_status":"closed","ping_status":"closed","sticky":false,"template":"","format":"standard","meta":{"saved_in_kubio":false,"footnotes":""},"categories":[33,1],"tags":[],"class_list":["post-15643","post","type-post","status-publish","format-standard","hentry","category-archiv","category-uncategorized"],"_links":{"self":[{"href":"http:\/\/altgsgrebenstein.de\/index.php?rest_route=\/wp\/v2\/posts\/15643","targetHints":{"allow":["GET"]}}],"collection":[{"href":"http:\/\/altgsgrebenstein.de\/index.php?rest_route=\/wp\/v2\/posts"}],"about":[{"href":"http:\/\/altgsgrebenstein.de\/index.php?rest_route=\/wp\/v2\/types\/post"}],"author":[{"embeddable":true,"href":"http:\/\/altgsgrebenstein.de\/index.php?rest_route=\/wp\/v2\/users\/28"}],"replies":[{"embeddable":true,"href":"http:\/\/altgsgrebenstein.de\/index.php?rest_route=%2Fwp%2Fv2%2Fcomments&post=15643"}],"version-history":[{"count":1,"href":"http:\/\/altgsgrebenstein.de\/index.php?rest_route=\/wp\/v2\/posts\/15643\/revisions"}],"predecessor-version":[{"id":15644,"href":"http:\/\/altgsgrebenstein.de\/index.php?rest_route=\/wp\/v2\/posts\/15643\/revisions\/15644"}],"wp:attachment":[{"href":"http:\/\/altgsgrebenstein.de\/index.php?rest_route=%2Fwp%2Fv2%2Fmedia&parent=15643"}],"wp:term":[{"taxonomy":"category","embeddable":true,"href":"http:\/\/altgsgrebenstein.de\/index.php?rest_route=%2Fwp%2Fv2%2Fcategories&post=15643"},{"taxonomy":"post_tag","embeddable":true,"href":"http:\/\/altgsgrebenstein.de\/index.php?rest_route=%2Fwp%2Fv2%2Ftags&post=15643"}],"curies":[{"name":"wp","href":"https:\/\/api.w.org\/{rel}","templated":true}]}}